{"id":47185,"date":"2019-02-06T14:38:32","date_gmt":"2023-03-22T05:41:11","guid":{"rendered":"https:\/\/dev-cta.corporaciontecnologica.com\/?post_type=noticias&#038;p=47185"},"modified":"2023-09-29T10:08:26","modified_gmt":"2023-09-29T08:08:26","slug":"__trashed-1650","status":"publish","type":"noticias","link":"https:\/\/www.corporaciontecnologica.com\/en\/noticias\/__trashed-1650\/","title":{"rendered":"CTA attends the launch of the Ariane 5 rocket called &#8216;Seville&#8217;"},"content":{"rendered":"<div>\n<p>The Aerospace Technical Officer of Technological Corporation of Andalusia (CTA), Silvia de los Santos, attended yesterday at the launch of the Ariane 5 rocket from the European Space Center of Guyana (CSG). The rocket is called &#8216;Seville&#8217; because the Andalusian capital hold the Presidency of the Community of Ariane Cities in 2019.<\/p>\n<p>In its first mission in 2019, the Ariane 5 launcher called Seville has launched the Saudi Geostationary Satellite 1 \/ Hellas Sat 4, consisting of two payloads, and GSAT-31 in the name and on behalf of the Indian Space Agency (ISRO).<\/p>\n<\/div>\n<h3>More than 70 events to boost the Aerospace sector<\/h3>\n<div>\n<p>This is one of the activities planned in the long program of the Seville presidency of the Community of Ariane Cities, composed of more than 70 events: 20 technical, 14 cultural, 27 scientific, 6 training, 3 entrepreneurship and 4 gender equality.<\/p>\n<p>With this participation in the Community of Ariane Cities, Seville works for make the aerospace sector one of the engines of the Andalusian economy, thanks to public and private investment. Madrid and Barcelona are the only Spanish capitals that have held this presidency before.<\/p>\n<p>The aeronautical sector contributes 4.86% to the GDP of Seville. The billing by these companies amounts to 1,800 million euros, with more than 10,000 people employed. The objective is to take advantage of the experience and capabilities of this aeronautical sector to also develop the space area.<\/p>\n<\/div>\n","protected":false},"featured_media":37807,"template":"","categorias-noticias":[],"class_list":["post-47185","noticias","type-noticias","status-publish","has-post-thumbnail","hentry"],"yoast_head":"<!-- This site is optimized with the Yoast SEO Premium plugin v27.4 (Yoast SEO v27.4) - https:\/\/yoast.com\/product\/yoast-seo-premium-wordpress\/ -->\n<title>CTA attends the launch of the Ariane 5 rocket called &#039;Seville&#039; - Corporaci\u00f3n Tecnol\u00f3gica de Andaluc\u00eda CTA<\/title>\n<meta name=\"robots\" content=\"index, follow, max-snippet:-1, max-image-preview:large, max-video-preview:-1\" \/>\n<link rel=\"canonical\" href=\"https:\/\/www.corporaciontecnologica.com\/en\/noticias\/__trashed-1650\/\" \/>\n<meta property=\"og:locale\" content=\"en_US\" \/>\n<meta property=\"og:type\" content=\"article\" \/>\n<meta property=\"og:title\" content=\"CTA attends the launch of the Ariane 5 rocket called &#039;Seville&#039;\" \/>\n<meta property=\"og:description\" content=\"The Aerospace Technical Officer of Technological Corporation of Andalusia (CTA), Silvia de los Santos, attended yesterday at the launch of the Ariane 5 rocket from the European Space Center of Guyana (CSG). The rocket is called &#8216;Seville&#8217; because the Andalusian capital hold the Presidency of the Community of Ariane Cities in 2019. In its first [&hellip;]\" \/>\n<meta property=\"og:url\" content=\"https:\/\/www.corporaciontecnologica.com\/en\/noticias\/__trashed-1650\/\" \/>\n<meta property=\"og:site_name\" content=\"Corporaci\u00f3n Tecnol\u00f3gica de Andaluc\u00eda CTA\" \/>\n<meta property=\"article:publisher\" content=\"https:\/\/www.facebook.com\/CTAndalucia\" \/>\n<meta property=\"article:modified_time\" content=\"2023-09-29T08:08:26+00:00\" \/>\n<meta property=\"og:image\" content=\"https:\/\/www.corporaciontecnologica.com\/wp-content\/uploads\/2023\/03\/6419e130ed509Ariane5.jpg\" \/>\n\t<meta property=\"og:image:width\" content=\"1091\" \/>\n\t<meta property=\"og:image:height\" content=\"614\" \/>\n\t<meta property=\"og:image:type\" content=\"image\/jpeg\" \/>\n<meta name=\"twitter:card\" content=\"summary_large_image\" \/>\n<meta name=\"twitter:site\" content=\"@CTAndalucia\" \/>\n<meta name=\"twitter:label1\" content=\"Est. reading time\" \/>\n\t<meta name=\"twitter:data1\" content=\"2 minutes\" \/>\n<script type=\"application\/ld+json\" class=\"yoast-schema-graph\">{\"@context\":\"https:\\\/\\\/schema.org\",\"@graph\":[{\"@type\":\"WebPage\",\"@id\":\"https:\\\/\\\/www.corporaciontecnologica.com\\\/en\\\/noticias\\\/__trashed-1650\\\/\",\"url\":\"https:\\\/\\\/www.corporaciontecnologica.com\\\/en\\\/noticias\\\/__trashed-1650\\\/\",\"name\":\"CTA attends the launch of the Ariane 5 rocket called 'Seville' - Corporaci\u00f3n Tecnol\u00f3gica de Andaluc\u00eda CTA\",\"isPartOf\":{\"@id\":\"https:\\\/\\\/www.corporaciontecnologica.com\\\/#website\"},\"primaryImageOfPage\":{\"@id\":\"https:\\\/\\\/www.corporaciontecnologica.com\\\/en\\\/noticias\\\/__trashed-1650\\\/#primaryimage\"},\"image\":{\"@id\":\"https:\\\/\\\/www.corporaciontecnologica.com\\\/en\\\/noticias\\\/__trashed-1650\\\/#primaryimage\"},\"thumbnailUrl\":\"https:\\\/\\\/www.corporaciontecnologica.com\\\/wp-content\\\/uploads\\\/2023\\\/03\\\/6419e130ed509Ariane5.jpg\",\"datePublished\":\"2023-03-22T05:41:11+00:00\",\"dateModified\":\"2023-09-29T08:08:26+00:00\",\"breadcrumb\":{\"@id\":\"https:\\\/\\\/www.corporaciontecnologica.com\\\/en\\\/noticias\\\/__trashed-1650\\\/#breadcrumb\"},\"inLanguage\":\"en-US\",\"potentialAction\":[{\"@type\":\"ReadAction\",\"target\":[\"https:\\\/\\\/www.corporaciontecnologica.com\\\/en\\\/noticias\\\/__trashed-1650\\\/\"]}]},{\"@type\":\"ImageObject\",\"inLanguage\":\"en-US\",\"@id\":\"https:\\\/\\\/www.corporaciontecnologica.com\\\/en\\\/noticias\\\/__trashed-1650\\\/#primaryimage\",\"url\":\"https:\\\/\\\/www.corporaciontecnologica.com\\\/wp-content\\\/uploads\\\/2023\\\/03\\\/6419e130ed509Ariane5.jpg\",\"contentUrl\":\"https:\\\/\\\/www.corporaciontecnologica.com\\\/wp-content\\\/uploads\\\/2023\\\/03\\\/6419e130ed509Ariane5.jpg\",\"width\":1091,\"height\":614,\"caption\":\"CTA attends the launch of the Ariane 5 rocket named 'Sevilla'.\"},{\"@type\":\"BreadcrumbList\",\"@id\":\"https:\\\/\\\/www.corporaciontecnologica.com\\\/en\\\/noticias\\\/__trashed-1650\\\/#breadcrumb\",\"itemListElement\":[{\"@type\":\"ListItem\",\"position\":1,\"name\":\"Home\",\"item\":\"https:\\\/\\\/www.corporaciontecnologica.com\\\/\"},{\"@type\":\"ListItem\",\"position\":2,\"name\":\"Noticias\",\"item\":\"https:\\\/\\\/www.corporaciontecnologica.com\\\/noticias\\\/\"},{\"@type\":\"ListItem\",\"position\":3,\"name\":\"CTA attends the launch of the Ariane 5 rocket called &#8216;Seville&#8217;\"}]},{\"@type\":\"WebSite\",\"@id\":\"https:\\\/\\\/www.corporaciontecnologica.com\\\/#website\",\"url\":\"https:\\\/\\\/www.corporaciontecnologica.com\\\/\",\"name\":\"Corporaci\u00f3n Tecnol\u00f3gica de Andaluc\u00eda CTA\",\"description\":\"\",\"publisher\":{\"@id\":\"https:\\\/\\\/www.corporaciontecnologica.com\\\/#organization\"},\"potentialAction\":[{\"@type\":\"SearchAction\",\"target\":{\"@type\":\"EntryPoint\",\"urlTemplate\":\"https:\\\/\\\/www.corporaciontecnologica.com\\\/?s={search_term_string}\"},\"query-input\":{\"@type\":\"PropertyValueSpecification\",\"valueRequired\":true,\"valueName\":\"search_term_string\"}}],\"inLanguage\":\"en-US\"},{\"@type\":\"Organization\",\"@id\":\"https:\\\/\\\/www.corporaciontecnologica.com\\\/#organization\",\"name\":\"Corporaci\u00f3n Tecnol\u00f3gica de Andaluc\u00eda CTA\",\"url\":\"https:\\\/\\\/www.corporaciontecnologica.com\\\/\",\"logo\":{\"@type\":\"ImageObject\",\"inLanguage\":\"en-US\",\"@id\":\"https:\\\/\\\/www.corporaciontecnologica.com\\\/#\\\/schema\\\/logo\\\/image\\\/\",\"url\":\"https:\\\/\\\/www.corporaciontecnologica.com\\\/wp-content\\\/uploads\\\/2025\\\/01\\\/cropped-350x100TransparenteBlanco.png\",\"contentUrl\":\"https:\\\/\\\/www.corporaciontecnologica.com\\\/wp-content\\\/uploads\\\/2025\\\/01\\\/cropped-350x100TransparenteBlanco.png\",\"width\":349,\"height\":99,\"caption\":\"Corporaci\u00f3n Tecnol\u00f3gica de Andaluc\u00eda CTA\"},\"image\":{\"@id\":\"https:\\\/\\\/www.corporaciontecnologica.com\\\/#\\\/schema\\\/logo\\\/image\\\/\"},\"sameAs\":[\"https:\\\/\\\/www.facebook.com\\\/CTAndalucia\",\"https:\\\/\\\/x.com\\\/CTAndalucia\",\"https:\\\/\\\/www.linkedin.com\\\/company\\\/cta-corporaci-n-tecnol-gica-de-andaluc-a-\"]}]}<\/script>\n<!-- \/ Yoast SEO Premium plugin. -->","yoast_head_json":{"title":"CTA attends the launch of the Ariane 5 rocket called 'Seville' - Corporaci\u00f3n Tecnol\u00f3gica de Andaluc\u00eda CTA","robots":{"index":"index","follow":"follow","max-snippet":"max-snippet:-1","max-image-preview":"max-image-preview:large","max-video-preview":"max-video-preview:-1"},"canonical":"https:\/\/www.corporaciontecnologica.com\/en\/noticias\/__trashed-1650\/","og_locale":"en_US","og_type":"article","og_title":"CTA attends the launch of the Ariane 5 rocket called 'Seville'","og_description":"The Aerospace Technical Officer of Technological Corporation of Andalusia (CTA), Silvia de los Santos, attended yesterday at the launch of the Ariane 5 rocket from the European Space Center of Guyana (CSG). The rocket is called &#8216;Seville&#8217; because the Andalusian capital hold the Presidency of the Community of Ariane Cities in 2019. In its first [&hellip;]","og_url":"https:\/\/www.corporaciontecnologica.com\/en\/noticias\/__trashed-1650\/","og_site_name":"Corporaci\u00f3n Tecnol\u00f3gica de Andaluc\u00eda CTA","article_publisher":"https:\/\/www.facebook.com\/CTAndalucia","article_modified_time":"2023-09-29T08:08:26+00:00","og_image":[{"width":1091,"height":614,"url":"https:\/\/www.corporaciontecnologica.com\/wp-content\/uploads\/2023\/03\/6419e130ed509Ariane5.jpg","type":"image\/jpeg"}],"twitter_card":"summary_large_image","twitter_site":"@CTAndalucia","twitter_misc":{"Est. reading time":"2 minutes"},"schema":{"@context":"https:\/\/schema.org","@graph":[{"@type":"WebPage","@id":"https:\/\/www.corporaciontecnologica.com\/en\/noticias\/__trashed-1650\/","url":"https:\/\/www.corporaciontecnologica.com\/en\/noticias\/__trashed-1650\/","name":"CTA attends the launch of the Ariane 5 rocket called 'Seville' - Corporaci\u00f3n Tecnol\u00f3gica de Andaluc\u00eda CTA","isPartOf":{"@id":"https:\/\/www.corporaciontecnologica.com\/#website"},"primaryImageOfPage":{"@id":"https:\/\/www.corporaciontecnologica.com\/en\/noticias\/__trashed-1650\/#primaryimage"},"image":{"@id":"https:\/\/www.corporaciontecnologica.com\/en\/noticias\/__trashed-1650\/#primaryimage"},"thumbnailUrl":"https:\/\/www.corporaciontecnologica.com\/wp-content\/uploads\/2023\/03\/6419e130ed509Ariane5.jpg","datePublished":"2023-03-22T05:41:11+00:00","dateModified":"2023-09-29T08:08:26+00:00","breadcrumb":{"@id":"https:\/\/www.corporaciontecnologica.com\/en\/noticias\/__trashed-1650\/#breadcrumb"},"inLanguage":"en-US","potentialAction":[{"@type":"ReadAction","target":["https:\/\/www.corporaciontecnologica.com\/en\/noticias\/__trashed-1650\/"]}]},{"@type":"ImageObject","inLanguage":"en-US","@id":"https:\/\/www.corporaciontecnologica.com\/en\/noticias\/__trashed-1650\/#primaryimage","url":"https:\/\/www.corporaciontecnologica.com\/wp-content\/uploads\/2023\/03\/6419e130ed509Ariane5.jpg","contentUrl":"https:\/\/www.corporaciontecnologica.com\/wp-content\/uploads\/2023\/03\/6419e130ed509Ariane5.jpg","width":1091,"height":614,"caption":"CTA attends the launch of the Ariane 5 rocket named 'Sevilla'."},{"@type":"BreadcrumbList","@id":"https:\/\/www.corporaciontecnologica.com\/en\/noticias\/__trashed-1650\/#breadcrumb","itemListElement":[{"@type":"ListItem","position":1,"name":"Home","item":"https:\/\/www.corporaciontecnologica.com\/"},{"@type":"ListItem","position":2,"name":"Noticias","item":"https:\/\/www.corporaciontecnologica.com\/noticias\/"},{"@type":"ListItem","position":3,"name":"CTA attends the launch of the Ariane 5 rocket called &#8216;Seville&#8217;"}]},{"@type":"WebSite","@id":"https:\/\/www.corporaciontecnologica.com\/#website","url":"https:\/\/www.corporaciontecnologica.com\/","name":"Corporaci\u00f3n Tecnol\u00f3gica de Andaluc\u00eda CTA","description":"","publisher":{"@id":"https:\/\/www.corporaciontecnologica.com\/#organization"},"potentialAction":[{"@type":"SearchAction","target":{"@type":"EntryPoint","urlTemplate":"https:\/\/www.corporaciontecnologica.com\/?s={search_term_string}"},"query-input":{"@type":"PropertyValueSpecification","valueRequired":true,"valueName":"search_term_string"}}],"inLanguage":"en-US"},{"@type":"Organization","@id":"https:\/\/www.corporaciontecnologica.com\/#organization","name":"Corporaci\u00f3n Tecnol\u00f3gica de Andaluc\u00eda CTA","url":"https:\/\/www.corporaciontecnologica.com\/","logo":{"@type":"ImageObject","inLanguage":"en-US","@id":"https:\/\/www.corporaciontecnologica.com\/#\/schema\/logo\/image\/","url":"https:\/\/www.corporaciontecnologica.com\/wp-content\/uploads\/2025\/01\/cropped-350x100TransparenteBlanco.png","contentUrl":"https:\/\/www.corporaciontecnologica.com\/wp-content\/uploads\/2025\/01\/cropped-350x100TransparenteBlanco.png","width":349,"height":99,"caption":"Corporaci\u00f3n Tecnol\u00f3gica de Andaluc\u00eda CTA"},"image":{"@id":"https:\/\/www.corporaciontecnologica.com\/#\/schema\/logo\/image\/"},"sameAs":["https:\/\/www.facebook.com\/CTAndalucia","https:\/\/x.com\/CTAndalucia","https:\/\/www.linkedin.com\/company\/cta-corporaci-n-tecnol-gica-de-andaluc-a-"]}]}},"_links":{"self":[{"href":"https:\/\/www.corporaciontecnologica.com\/en\/wp-json\/wp\/v2\/noticias\/47185","targetHints":{"allow":["GET"]}}],"collection":[{"href":"https:\/\/www.corporaciontecnologica.com\/en\/wp-json\/wp\/v2\/noticias"}],"about":[{"href":"https:\/\/www.corporaciontecnologica.com\/en\/wp-json\/wp\/v2\/types\/noticias"}],"wp:featuredmedia":[{"embeddable":true,"href":"https:\/\/www.corporaciontecnologica.com\/en\/wp-json\/wp\/v2\/media\/37807"}],"wp:attachment":[{"href":"https:\/\/www.corporaciontecnologica.com\/en\/wp-json\/wp\/v2\/media?parent=47185"}],"wp:term":[{"taxonomy":"categorias-noticias","embeddable":true,"href":"https:\/\/www.corporaciontecnologica.com\/en\/wp-json\/wp\/v2\/categorias-noticias?post=47185"}],"curies":[{"name":"wp","href":"https:\/\/api.w.org\/{rel}","templated":true}]}}