{"id":47272,"date":"2019-05-17T07:28:00","date_gmt":"2023-03-22T05:40:59","guid":{"rendered":"https:\/\/dev-cta.corporaciontecnologica.com\/?post_type=noticias&#038;p=47272"},"modified":"2023-09-29T10:31:37","modified_gmt":"2023-09-29T08:31:37","slug":"__trashed-1635","status":"publish","type":"noticias","link":"https:\/\/www.corporaciontecnologica.com\/en\/noticias\/__trashed-1635\/","title":{"rendered":"CTA participates in the European Cluster Conference 2019 in Bucharest"},"content":{"rendered":"<div>\n<p style=\"text-align: justify;\">The CTA Business Development Consultant <a href=\"\/sites\/cta\/.content\/ctaresponsable\/ctaresponsable-00021.xml\" target=\"_blank\" rel=\"noopener\">Macarena Ure\u00f1a<\/a> has participated in the <a href=\"https:\/\/www.eucluster2019.eu\/en\" target=\"_blank\" rel=\"noopener\">European Cluster Conference 2019<\/a>, held in Bucharest (Romania) from May 14th to 16th. The 6th edition of the conference brought together more than 400 cluster managers and professionals from all European countries and representatives of public administrations in charge of innovation and competitiveness policies.<\/p>\n<p style=\"text-align: justify;\">The conference&nbsp;had high-level discussions on recent and future priorities for cluster policies and developments to support an innovative and sustainable industrial modernisation of interregional cooperation, with the spotlight on building bridges among the different actors of the cluster community. The discussions focused on issues such as digitisation and lack of skills, circular economy, shared value and social impact.<\/p>\n<p style=\"text-align: justify;\">The event is organised by the European Commission&#8217;s Directorate-General for Internal Market, Industry, Entrepreneurship and SMEs together with Romania, under the Romanian Presidency of the Council of the EU.<\/p>\n<\/div>\n<h3>TRACK Project<\/h3>\n<div>\n<p style=\"text-align: justify;\">The CTA Consultant Macarena Ure\u00f1a was in charge of presenting the <a href=\"\/sites\/cta\/en\/area-internacional\/proyectos-europeos\/track\/index.html\">European TRACK project<\/a> at the meeting of 9 European Strategic Cluster Associations for smart specialization investments, co-organized by <a href=\"https:\/\/ec.europa.eu\/easme\/en\" target=\"_blank\" rel=\"noopener\">EASME (Executive Agency for SMEs managing)<\/a> and GROW, and restricted to ESCP-S3 project partners funded by the COSME programme.<\/p>\n<p style=\"text-align: justify;\">Ure\u00f1a explained the project&nbsp;objective and its support for European SMEs, as well as the main challenges and achievements so far. CTA is the only Spanish partner of the TRACK project aimed at increasing the competitiveness of the agri-food sector in Europe.<\/p>\n<p style=\"text-align: justify;\">The aim of&nbsp;TRACK&nbsp;is to create an interregional ecosystem that stimulates innovative solutions for the agri-food chain and joint investments for the development of agribusiness 4.0&nbsp;(smart&nbsp;agrifood).<\/p>\n<\/div>\n","protected":false},"featured_media":38010,"template":"","categorias-noticias":[],"class_list":["post-47272","noticias","type-noticias","status-publish","has-post-thumbnail","hentry"],"yoast_head":"<!-- This site is optimized with the Yoast SEO Premium plugin v27.4 (Yoast SEO v27.4) - https:\/\/yoast.com\/product\/yoast-seo-premium-wordpress\/ -->\n<title>CTA participates in the European Cluster Conference 2019 in Bucharest - Corporaci\u00f3n Tecnol\u00f3gica de Andaluc\u00eda CTA<\/title>\n<meta name=\"robots\" content=\"index, follow, max-snippet:-1, max-image-preview:large, max-video-preview:-1\" \/>\n<link rel=\"canonical\" href=\"https:\/\/www.corporaciontecnologica.com\/en\/noticias\/__trashed-1635\/\" \/>\n<meta property=\"og:locale\" content=\"en_US\" \/>\n<meta property=\"og:type\" content=\"article\" \/>\n<meta property=\"og:title\" content=\"CTA participates in the European Cluster Conference 2019 in Bucharest\" \/>\n<meta property=\"og:description\" content=\"The CTA Business Development Consultant Macarena Ure\u00f1a has participated in the European Cluster Conference 2019, held in Bucharest (Romania) from May 14th to 16th. The 6th edition of the conference brought together more than 400 cluster managers and professionals from all European countries and representatives of public administrations in charge of innovation and competitiveness policies. [&hellip;]\" \/>\n<meta property=\"og:url\" content=\"https:\/\/www.corporaciontecnologica.com\/en\/noticias\/__trashed-1635\/\" \/>\n<meta property=\"og:site_name\" content=\"Corporaci\u00f3n Tecnol\u00f3gica de Andaluc\u00eda CTA\" \/>\n<meta property=\"article:publisher\" content=\"https:\/\/www.facebook.com\/CTAndalucia\" \/>\n<meta property=\"article:modified_time\" content=\"2023-09-29T08:31:37+00:00\" \/>\n<meta property=\"og:image\" content=\"https:\/\/www.corporaciontecnologica.com\/wp-content\/uploads\/2023\/03\/6419e17b2c59a_MG_3777-scaled.jpg\" \/>\n\t<meta property=\"og:image:width\" content=\"2560\" \/>\n\t<meta property=\"og:image:height\" content=\"1707\" \/>\n\t<meta property=\"og:image:type\" content=\"image\/jpeg\" \/>\n<meta name=\"twitter:card\" content=\"summary_large_image\" \/>\n<meta name=\"twitter:site\" content=\"@CTAndalucia\" \/>\n<meta name=\"twitter:label1\" content=\"Est. reading time\" \/>\n\t<meta name=\"twitter:data1\" content=\"2 minutes\" \/>\n<script type=\"application\/ld+json\" class=\"yoast-schema-graph\">{\"@context\":\"https:\\\/\\\/schema.org\",\"@graph\":[{\"@type\":\"WebPage\",\"@id\":\"https:\\\/\\\/www.corporaciontecnologica.com\\\/en\\\/noticias\\\/__trashed-1635\\\/\",\"url\":\"https:\\\/\\\/www.corporaciontecnologica.com\\\/en\\\/noticias\\\/__trashed-1635\\\/\",\"name\":\"CTA participates in the European Cluster Conference 2019 in Bucharest - Corporaci\u00f3n Tecnol\u00f3gica de Andaluc\u00eda CTA\",\"isPartOf\":{\"@id\":\"https:\\\/\\\/www.corporaciontecnologica.com\\\/#website\"},\"primaryImageOfPage\":{\"@id\":\"https:\\\/\\\/www.corporaciontecnologica.com\\\/en\\\/noticias\\\/__trashed-1635\\\/#primaryimage\"},\"image\":{\"@id\":\"https:\\\/\\\/www.corporaciontecnologica.com\\\/en\\\/noticias\\\/__trashed-1635\\\/#primaryimage\"},\"thumbnailUrl\":\"https:\\\/\\\/www.corporaciontecnologica.com\\\/wp-content\\\/uploads\\\/2023\\\/03\\\/6419e17b2c59a_MG_3777-scaled.jpg\",\"datePublished\":\"2023-03-22T05:40:59+00:00\",\"dateModified\":\"2023-09-29T08:31:37+00:00\",\"breadcrumb\":{\"@id\":\"https:\\\/\\\/www.corporaciontecnologica.com\\\/en\\\/noticias\\\/__trashed-1635\\\/#breadcrumb\"},\"inLanguage\":\"en-US\",\"potentialAction\":[{\"@type\":\"ReadAction\",\"target\":[\"https:\\\/\\\/www.corporaciontecnologica.com\\\/en\\\/noticias\\\/__trashed-1635\\\/\"]}]},{\"@type\":\"ImageObject\",\"inLanguage\":\"en-US\",\"@id\":\"https:\\\/\\\/www.corporaciontecnologica.com\\\/en\\\/noticias\\\/__trashed-1635\\\/#primaryimage\",\"url\":\"https:\\\/\\\/www.corporaciontecnologica.com\\\/wp-content\\\/uploads\\\/2023\\\/03\\\/6419e17b2c59a_MG_3777-scaled.jpg\",\"contentUrl\":\"https:\\\/\\\/www.corporaciontecnologica.com\\\/wp-content\\\/uploads\\\/2023\\\/03\\\/6419e17b2c59a_MG_3777-scaled.jpg\",\"width\":2560,\"height\":1707,\"caption\":\"CTA participates in the European Cluster Conference 2019 in Bucharest\"},{\"@type\":\"BreadcrumbList\",\"@id\":\"https:\\\/\\\/www.corporaciontecnologica.com\\\/en\\\/noticias\\\/__trashed-1635\\\/#breadcrumb\",\"itemListElement\":[{\"@type\":\"ListItem\",\"position\":1,\"name\":\"Home\",\"item\":\"https:\\\/\\\/www.corporaciontecnologica.com\\\/\"},{\"@type\":\"ListItem\",\"position\":2,\"name\":\"Noticias\",\"item\":\"https:\\\/\\\/www.corporaciontecnologica.com\\\/noticias\\\/\"},{\"@type\":\"ListItem\",\"position\":3,\"name\":\"CTA participates in the European Cluster Conference 2019 in Bucharest\"}]},{\"@type\":\"WebSite\",\"@id\":\"https:\\\/\\\/www.corporaciontecnologica.com\\\/#website\",\"url\":\"https:\\\/\\\/www.corporaciontecnologica.com\\\/\",\"name\":\"Corporaci\u00f3n Tecnol\u00f3gica de Andaluc\u00eda CTA\",\"description\":\"\",\"publisher\":{\"@id\":\"https:\\\/\\\/www.corporaciontecnologica.com\\\/#organization\"},\"potentialAction\":[{\"@type\":\"SearchAction\",\"target\":{\"@type\":\"EntryPoint\",\"urlTemplate\":\"https:\\\/\\\/www.corporaciontecnologica.com\\\/?s={search_term_string}\"},\"query-input\":{\"@type\":\"PropertyValueSpecification\",\"valueRequired\":true,\"valueName\":\"search_term_string\"}}],\"inLanguage\":\"en-US\"},{\"@type\":\"Organization\",\"@id\":\"https:\\\/\\\/www.corporaciontecnologica.com\\\/#organization\",\"name\":\"Corporaci\u00f3n Tecnol\u00f3gica de Andaluc\u00eda CTA\",\"url\":\"https:\\\/\\\/www.corporaciontecnologica.com\\\/\",\"logo\":{\"@type\":\"ImageObject\",\"inLanguage\":\"en-US\",\"@id\":\"https:\\\/\\\/www.corporaciontecnologica.com\\\/#\\\/schema\\\/logo\\\/image\\\/\",\"url\":\"https:\\\/\\\/www.corporaciontecnologica.com\\\/wp-content\\\/uploads\\\/2025\\\/01\\\/cropped-350x100TransparenteBlanco.png\",\"contentUrl\":\"https:\\\/\\\/www.corporaciontecnologica.com\\\/wp-content\\\/uploads\\\/2025\\\/01\\\/cropped-350x100TransparenteBlanco.png\",\"width\":349,\"height\":99,\"caption\":\"Corporaci\u00f3n Tecnol\u00f3gica de Andaluc\u00eda CTA\"},\"image\":{\"@id\":\"https:\\\/\\\/www.corporaciontecnologica.com\\\/#\\\/schema\\\/logo\\\/image\\\/\"},\"sameAs\":[\"https:\\\/\\\/www.facebook.com\\\/CTAndalucia\",\"https:\\\/\\\/x.com\\\/CTAndalucia\",\"https:\\\/\\\/www.linkedin.com\\\/company\\\/cta-corporaci-n-tecnol-gica-de-andaluc-a-\"]}]}<\/script>\n<!-- \/ Yoast SEO Premium plugin. -->","yoast_head_json":{"title":"CTA participates in the European Cluster Conference 2019 in Bucharest - Corporaci\u00f3n Tecnol\u00f3gica de Andaluc\u00eda CTA","robots":{"index":"index","follow":"follow","max-snippet":"max-snippet:-1","max-image-preview":"max-image-preview:large","max-video-preview":"max-video-preview:-1"},"canonical":"https:\/\/www.corporaciontecnologica.com\/en\/noticias\/__trashed-1635\/","og_locale":"en_US","og_type":"article","og_title":"CTA participates in the European Cluster Conference 2019 in Bucharest","og_description":"The CTA Business Development Consultant Macarena Ure\u00f1a has participated in the European Cluster Conference 2019, held in Bucharest (Romania) from May 14th to 16th. The 6th edition of the conference brought together more than 400 cluster managers and professionals from all European countries and representatives of public administrations in charge of innovation and competitiveness policies. [&hellip;]","og_url":"https:\/\/www.corporaciontecnologica.com\/en\/noticias\/__trashed-1635\/","og_site_name":"Corporaci\u00f3n Tecnol\u00f3gica de Andaluc\u00eda CTA","article_publisher":"https:\/\/www.facebook.com\/CTAndalucia","article_modified_time":"2023-09-29T08:31:37+00:00","og_image":[{"width":2560,"height":1707,"url":"https:\/\/www.corporaciontecnologica.com\/wp-content\/uploads\/2023\/03\/6419e17b2c59a_MG_3777-scaled.jpg","type":"image\/jpeg"}],"twitter_card":"summary_large_image","twitter_site":"@CTAndalucia","twitter_misc":{"Est. reading time":"2 minutes"},"schema":{"@context":"https:\/\/schema.org","@graph":[{"@type":"WebPage","@id":"https:\/\/www.corporaciontecnologica.com\/en\/noticias\/__trashed-1635\/","url":"https:\/\/www.corporaciontecnologica.com\/en\/noticias\/__trashed-1635\/","name":"CTA participates in the European Cluster Conference 2019 in Bucharest - Corporaci\u00f3n Tecnol\u00f3gica de Andaluc\u00eda CTA","isPartOf":{"@id":"https:\/\/www.corporaciontecnologica.com\/#website"},"primaryImageOfPage":{"@id":"https:\/\/www.corporaciontecnologica.com\/en\/noticias\/__trashed-1635\/#primaryimage"},"image":{"@id":"https:\/\/www.corporaciontecnologica.com\/en\/noticias\/__trashed-1635\/#primaryimage"},"thumbnailUrl":"https:\/\/www.corporaciontecnologica.com\/wp-content\/uploads\/2023\/03\/6419e17b2c59a_MG_3777-scaled.jpg","datePublished":"2023-03-22T05:40:59+00:00","dateModified":"2023-09-29T08:31:37+00:00","breadcrumb":{"@id":"https:\/\/www.corporaciontecnologica.com\/en\/noticias\/__trashed-1635\/#breadcrumb"},"inLanguage":"en-US","potentialAction":[{"@type":"ReadAction","target":["https:\/\/www.corporaciontecnologica.com\/en\/noticias\/__trashed-1635\/"]}]},{"@type":"ImageObject","inLanguage":"en-US","@id":"https:\/\/www.corporaciontecnologica.com\/en\/noticias\/__trashed-1635\/#primaryimage","url":"https:\/\/www.corporaciontecnologica.com\/wp-content\/uploads\/2023\/03\/6419e17b2c59a_MG_3777-scaled.jpg","contentUrl":"https:\/\/www.corporaciontecnologica.com\/wp-content\/uploads\/2023\/03\/6419e17b2c59a_MG_3777-scaled.jpg","width":2560,"height":1707,"caption":"CTA participates in the European Cluster Conference 2019 in Bucharest"},{"@type":"BreadcrumbList","@id":"https:\/\/www.corporaciontecnologica.com\/en\/noticias\/__trashed-1635\/#breadcrumb","itemListElement":[{"@type":"ListItem","position":1,"name":"Home","item":"https:\/\/www.corporaciontecnologica.com\/"},{"@type":"ListItem","position":2,"name":"Noticias","item":"https:\/\/www.corporaciontecnologica.com\/noticias\/"},{"@type":"ListItem","position":3,"name":"CTA participates in the European Cluster Conference 2019 in Bucharest"}]},{"@type":"WebSite","@id":"https:\/\/www.corporaciontecnologica.com\/#website","url":"https:\/\/www.corporaciontecnologica.com\/","name":"Corporaci\u00f3n Tecnol\u00f3gica de Andaluc\u00eda CTA","description":"","publisher":{"@id":"https:\/\/www.corporaciontecnologica.com\/#organization"},"potentialAction":[{"@type":"SearchAction","target":{"@type":"EntryPoint","urlTemplate":"https:\/\/www.corporaciontecnologica.com\/?s={search_term_string}"},"query-input":{"@type":"PropertyValueSpecification","valueRequired":true,"valueName":"search_term_string"}}],"inLanguage":"en-US"},{"@type":"Organization","@id":"https:\/\/www.corporaciontecnologica.com\/#organization","name":"Corporaci\u00f3n Tecnol\u00f3gica de Andaluc\u00eda CTA","url":"https:\/\/www.corporaciontecnologica.com\/","logo":{"@type":"ImageObject","inLanguage":"en-US","@id":"https:\/\/www.corporaciontecnologica.com\/#\/schema\/logo\/image\/","url":"https:\/\/www.corporaciontecnologica.com\/wp-content\/uploads\/2025\/01\/cropped-350x100TransparenteBlanco.png","contentUrl":"https:\/\/www.corporaciontecnologica.com\/wp-content\/uploads\/2025\/01\/cropped-350x100TransparenteBlanco.png","width":349,"height":99,"caption":"Corporaci\u00f3n Tecnol\u00f3gica de Andaluc\u00eda CTA"},"image":{"@id":"https:\/\/www.corporaciontecnologica.com\/#\/schema\/logo\/image\/"},"sameAs":["https:\/\/www.facebook.com\/CTAndalucia","https:\/\/x.com\/CTAndalucia","https:\/\/www.linkedin.com\/company\/cta-corporaci-n-tecnol-gica-de-andaluc-a-"]}]}},"_links":{"self":[{"href":"https:\/\/www.corporaciontecnologica.com\/en\/wp-json\/wp\/v2\/noticias\/47272","targetHints":{"allow":["GET"]}}],"collection":[{"href":"https:\/\/www.corporaciontecnologica.com\/en\/wp-json\/wp\/v2\/noticias"}],"about":[{"href":"https:\/\/www.corporaciontecnologica.com\/en\/wp-json\/wp\/v2\/types\/noticias"}],"wp:featuredmedia":[{"embeddable":true,"href":"https:\/\/www.corporaciontecnologica.com\/en\/wp-json\/wp\/v2\/media\/38010"}],"wp:attachment":[{"href":"https:\/\/www.corporaciontecnologica.com\/en\/wp-json\/wp\/v2\/media?parent=47272"}],"wp:term":[{"taxonomy":"categorias-noticias","embeddable":true,"href":"https:\/\/www.corporaciontecnologica.com\/en\/wp-json\/wp\/v2\/categorias-noticias?post=47272"}],"curies":[{"name":"wp","href":"https:\/\/api.w.org\/{rel}","templated":true}]}}