{"id":54343,"date":"2023-02-03T10:13:31","date_gmt":"2023-02-03T08:13:31","guid":{"rendered":"https:\/\/dev-cta.corporaciontecnologica.com\/?post_type=noticias&#038;p=54343"},"modified":"2023-10-05T10:24:21","modified_gmt":"2023-10-05T08:24:21","slug":"cta-participates-in-an-event-for-local-producers-of-the-european-project-agrobridges","status":"publish","type":"noticias","link":"https:\/\/www.corporaciontecnologica.com\/en\/noticias\/cta-participates-in-an-event-for-local-producers-of-the-european-project-agrobridges\/","title":{"rendered":"CTA participates in an event for local producers of the European project AgroBRIDGES"},"content":{"rendered":"\n<figure class=\"wp-block-image alignleft size-large is-resized\"><img fetchpriority=\"high\" decoding=\"async\" src=\"https:\/\/www.corporaciontecnologica.com\/wp-content\/uploads\/2023\/10\/image-27-1024x766.png\" alt=\"\" class=\"wp-image-54362\" style=\"width:321px;height:240px\" width=\"321\" height=\"240\" srcset=\"https:\/\/www.corporaciontecnologica.com\/wp-content\/uploads\/2023\/10\/image-27-1024x766.png 1024w, https:\/\/www.corporaciontecnologica.com\/wp-content\/uploads\/2023\/10\/image-27-300x224.png 300w, https:\/\/www.corporaciontecnologica.com\/wp-content\/uploads\/2023\/10\/image-27-768x575.png 768w, https:\/\/www.corporaciontecnologica.com\/wp-content\/uploads\/2023\/10\/image-27-1536x1149.png 1536w, https:\/\/www.corporaciontecnologica.com\/wp-content\/uploads\/2023\/10\/image-27.png 2048w\" sizes=\"(max-width: 321px) 100vw, 321px\" \/><\/figure>\n\n\n\n<p>Innovation consultants Mar\u00eda Jim\u00e9nez and Paula Rosa participated last Saturday, January 28, in an event for local producers of the European project\u00a0<a href=\"https:\/\/www.agrobridges.eu\/\" target=\"_blank\" rel=\"noreferrer noopener\"><strong>AgroBRIDGES<\/strong><\/a>\u00a0in the Agroecological Market of San Jer\u00f3nimo in Seville.<\/p>\n\n\n\n<p>During the event, the AgroBRIDGES project and two local producers who participate in the project were made known: Grupo La Ca\u00f1a and Conservas contigo.<\/p>\n\n\n\n<p>This project proposes the development of a framework that includes different stakeholders of the agri-food sector, as well as a set of practical support tools to improve the position of farmers within the market and reduce the margin of intermediaries.<\/p>\n\n\n\n<p>AgroBRIDGES is funded by the European Union&#8217;s Horizon 2020 research and innovation programme.<\/p>\n\n\n\n<p><a href=\"https:\/\/youtu.be\/HASukWBPaDw\" target=\"_blank\" rel=\"noreferrer noopener\">Get to know the AgroBRIDGES project in 1 minute in this video&gt;&gt;<\/a><\/p>\n\n\n\n<h3 class=\"wp-block-heading\">Some pictures of the event<\/h3>\n\n\n\n<figure class=\"wp-block-gallery has-nested-images columns-default is-cropped wp-block-gallery-1 is-layout-flex wp-block-gallery-is-layout-flex\">\n<figure class=\"wp-block-image size-large\"><img decoding=\"async\" width=\"1024\" height=\"766\" data-id=\"54353\" src=\"https:\/\/www.corporaciontecnologica.com\/wp-content\/uploads\/2023\/10\/230128-Evento-AgroBRIDGES-4.jpg_12752813-1024x766.jpg\" alt=\"\" class=\"wp-image-54353\" srcset=\"https:\/\/www.corporaciontecnologica.com\/wp-content\/uploads\/2023\/10\/230128-Evento-AgroBRIDGES-4.jpg_12752813-1024x766.jpg 1024w, https:\/\/www.corporaciontecnologica.com\/wp-content\/uploads\/2023\/10\/230128-Evento-AgroBRIDGES-4.jpg_12752813-300x224.jpg 300w, https:\/\/www.corporaciontecnologica.com\/wp-content\/uploads\/2023\/10\/230128-Evento-AgroBRIDGES-4.jpg_12752813-768x575.jpg 768w, https:\/\/www.corporaciontecnologica.com\/wp-content\/uploads\/2023\/10\/230128-Evento-AgroBRIDGES-4.jpg_12752813-1536x1149.jpg 1536w, https:\/\/www.corporaciontecnologica.com\/wp-content\/uploads\/2023\/10\/230128-Evento-AgroBRIDGES-4.jpg_12752813.jpg 1600w\" sizes=\"(max-width: 1024px) 100vw, 1024px\" \/><\/figure>\n\n\n\n<figure class=\"wp-block-image size-large\"><img decoding=\"async\" width=\"1024\" height=\"766\" data-id=\"54350\" src=\"https:\/\/www.corporaciontecnologica.com\/wp-content\/uploads\/2023\/10\/image-24-1024x766.png\" alt=\"\" class=\"wp-image-54350\" srcset=\"https:\/\/www.corporaciontecnologica.com\/wp-content\/uploads\/2023\/10\/image-24-1024x766.png 1024w, https:\/\/www.corporaciontecnologica.com\/wp-content\/uploads\/2023\/10\/image-24-300x224.png 300w, https:\/\/www.corporaciontecnologica.com\/wp-content\/uploads\/2023\/10\/image-24-768x575.png 768w, https:\/\/www.corporaciontecnologica.com\/wp-content\/uploads\/2023\/10\/image-24-1536x1149.png 1536w, https:\/\/www.corporaciontecnologica.com\/wp-content\/uploads\/2023\/10\/image-24.png 1600w\" sizes=\"(max-width: 1024px) 100vw, 1024px\" \/><\/figure>\n\n\n\n<figure class=\"wp-block-image size-large\"><img loading=\"lazy\" decoding=\"async\" width=\"1024\" height=\"766\" data-id=\"54348\" src=\"https:\/\/www.corporaciontecnologica.com\/wp-content\/uploads\/2023\/10\/image-23-1024x766.png\" alt=\"\" class=\"wp-image-54348\" srcset=\"https:\/\/www.corporaciontecnologica.com\/wp-content\/uploads\/2023\/10\/image-23-1024x766.png 1024w, https:\/\/www.corporaciontecnologica.com\/wp-content\/uploads\/2023\/10\/image-23-300x224.png 300w, https:\/\/www.corporaciontecnologica.com\/wp-content\/uploads\/2023\/10\/image-23-768x575.png 768w, https:\/\/www.corporaciontecnologica.com\/wp-content\/uploads\/2023\/10\/image-23-1536x1149.png 1536w, https:\/\/www.corporaciontecnologica.com\/wp-content\/uploads\/2023\/10\/image-23.png 1600w\" sizes=\"(max-width: 1024px) 100vw, 1024px\" \/><\/figure>\n\n\n\n<figure class=\"wp-block-image size-large\"><img loading=\"lazy\" decoding=\"async\" width=\"1024\" height=\"766\" data-id=\"54346\" src=\"https:\/\/www.corporaciontecnologica.com\/wp-content\/uploads\/2023\/10\/image-22-1024x766.png\" alt=\"\" class=\"wp-image-54346\" srcset=\"https:\/\/www.corporaciontecnologica.com\/wp-content\/uploads\/2023\/10\/image-22-1024x766.png 1024w, https:\/\/www.corporaciontecnologica.com\/wp-content\/uploads\/2023\/10\/image-22-300x224.png 300w, https:\/\/www.corporaciontecnologica.com\/wp-content\/uploads\/2023\/10\/image-22-768x575.png 768w, https:\/\/www.corporaciontecnologica.com\/wp-content\/uploads\/2023\/10\/image-22-1536x1149.png 1536w, https:\/\/www.corporaciontecnologica.com\/wp-content\/uploads\/2023\/10\/image-22.png 1600w\" sizes=\"(max-width: 1024px) 100vw, 1024px\" \/><\/figure>\n<\/figure>\n\n\n\n<div class=\"wp-block-columns is-layout-flex wp-container-core-columns-is-layout-28f84493 wp-block-columns-is-layout-flex\">\n<div class=\"wp-block-column is-vertically-aligned-center is-layout-flow wp-block-column-is-layout-flow\" style=\"flex-basis:100%\">\n<div class=\"wp-block-group is-layout-constrained wp-block-group-is-layout-constrained\"><\/div>\n<\/div>\n<\/div>\n","protected":false},"featured_media":54362,"template":"","categorias-noticias":[],"class_list":["post-54343","noticias","type-noticias","status-publish","has-post-thumbnail","hentry"],"yoast_head":"<!-- This site is optimized with the Yoast SEO Premium plugin v27.4 (Yoast SEO v27.4) - https:\/\/yoast.com\/product\/yoast-seo-premium-wordpress\/ -->\n<title>CTA participates in an event for local producers of the European project AgroBRIDGES - Corporaci\u00f3n Tecnol\u00f3gica de Andaluc\u00eda CTA<\/title>\n<meta name=\"robots\" content=\"index, follow, max-snippet:-1, max-image-preview:large, max-video-preview:-1\" \/>\n<link rel=\"canonical\" href=\"https:\/\/www.corporaciontecnologica.com\/en\/noticias\/cta-participates-in-an-event-for-local-producers-of-the-european-project-agrobridges\/\" \/>\n<meta property=\"og:locale\" content=\"en_US\" \/>\n<meta property=\"og:type\" content=\"article\" \/>\n<meta property=\"og:title\" content=\"CTA participates in an event for local producers of the European project AgroBRIDGES\" \/>\n<meta property=\"og:description\" content=\"Innovation consultants Mar\u00eda Jim\u00e9nez and Paula Rosa participated last Saturday, January 28, in an event for local producers of the European project\u00a0AgroBRIDGES\u00a0in the Agroecological Market of San Jer\u00f3nimo in Seville. During the event, the AgroBRIDGES project and two local producers who participate in the project were made known: Grupo La Ca\u00f1a and Conservas contigo. This [&hellip;]\" \/>\n<meta property=\"og:url\" content=\"https:\/\/www.corporaciontecnologica.com\/en\/noticias\/cta-participates-in-an-event-for-local-producers-of-the-european-project-agrobridges\/\" \/>\n<meta property=\"og:site_name\" content=\"Corporaci\u00f3n Tecnol\u00f3gica de Andaluc\u00eda CTA\" \/>\n<meta property=\"article:publisher\" content=\"https:\/\/www.facebook.com\/CTAndalucia\" \/>\n<meta property=\"article:modified_time\" content=\"2023-10-05T08:24:21+00:00\" \/>\n<meta property=\"og:image\" content=\"https:\/\/www.corporaciontecnologica.com\/wp-content\/uploads\/2023\/10\/image-27-1024x766.png\" \/>\n\t<meta property=\"og:image:width\" content=\"1024\" \/>\n\t<meta property=\"og:image:height\" content=\"766\" \/>\n\t<meta property=\"og:image:type\" content=\"image\/png\" \/>\n<meta name=\"twitter:card\" content=\"summary_large_image\" \/>\n<meta name=\"twitter:site\" content=\"@CTAndalucia\" \/>\n<meta name=\"twitter:label1\" content=\"Est. reading time\" \/>\n\t<meta name=\"twitter:data1\" content=\"2 minutes\" \/>\n<script type=\"application\/ld+json\" class=\"yoast-schema-graph\">{\"@context\":\"https:\\\/\\\/schema.org\",\"@graph\":[{\"@type\":\"WebPage\",\"@id\":\"https:\\\/\\\/www.corporaciontecnologica.com\\\/en\\\/noticias\\\/cta-participates-in-an-event-for-local-producers-of-the-european-project-agrobridges\\\/\",\"url\":\"https:\\\/\\\/www.corporaciontecnologica.com\\\/en\\\/noticias\\\/cta-participates-in-an-event-for-local-producers-of-the-european-project-agrobridges\\\/\",\"name\":\"CTA participates in an event for local producers of the European project AgroBRIDGES - Corporaci\u00f3n Tecnol\u00f3gica de Andaluc\u00eda CTA\",\"isPartOf\":{\"@id\":\"https:\\\/\\\/www.corporaciontecnologica.com\\\/#website\"},\"primaryImageOfPage\":{\"@id\":\"https:\\\/\\\/www.corporaciontecnologica.com\\\/en\\\/noticias\\\/cta-participates-in-an-event-for-local-producers-of-the-european-project-agrobridges\\\/#primaryimage\"},\"image\":{\"@id\":\"https:\\\/\\\/www.corporaciontecnologica.com\\\/en\\\/noticias\\\/cta-participates-in-an-event-for-local-producers-of-the-european-project-agrobridges\\\/#primaryimage\"},\"thumbnailUrl\":\"https:\\\/\\\/www.corporaciontecnologica.com\\\/wp-content\\\/uploads\\\/2023\\\/10\\\/image-27.png\",\"datePublished\":\"2023-02-03T08:13:31+00:00\",\"dateModified\":\"2023-10-05T08:24:21+00:00\",\"breadcrumb\":{\"@id\":\"https:\\\/\\\/www.corporaciontecnologica.com\\\/en\\\/noticias\\\/cta-participates-in-an-event-for-local-producers-of-the-european-project-agrobridges\\\/#breadcrumb\"},\"inLanguage\":\"en-US\",\"potentialAction\":[{\"@type\":\"ReadAction\",\"target\":[\"https:\\\/\\\/www.corporaciontecnologica.com\\\/en\\\/noticias\\\/cta-participates-in-an-event-for-local-producers-of-the-european-project-agrobridges\\\/\"]}]},{\"@type\":\"ImageObject\",\"inLanguage\":\"en-US\",\"@id\":\"https:\\\/\\\/www.corporaciontecnologica.com\\\/en\\\/noticias\\\/cta-participates-in-an-event-for-local-producers-of-the-european-project-agrobridges\\\/#primaryimage\",\"url\":\"https:\\\/\\\/www.corporaciontecnologica.com\\\/wp-content\\\/uploads\\\/2023\\\/10\\\/image-27.png\",\"contentUrl\":\"https:\\\/\\\/www.corporaciontecnologica.com\\\/wp-content\\\/uploads\\\/2023\\\/10\\\/image-27.png\",\"width\":2048,\"height\":1532},{\"@type\":\"BreadcrumbList\",\"@id\":\"https:\\\/\\\/www.corporaciontecnologica.com\\\/en\\\/noticias\\\/cta-participates-in-an-event-for-local-producers-of-the-european-project-agrobridges\\\/#breadcrumb\",\"itemListElement\":[{\"@type\":\"ListItem\",\"position\":1,\"name\":\"Home\",\"item\":\"https:\\\/\\\/www.corporaciontecnologica.com\\\/\"},{\"@type\":\"ListItem\",\"position\":2,\"name\":\"Noticias\",\"item\":\"https:\\\/\\\/www.corporaciontecnologica.com\\\/noticias\\\/\"},{\"@type\":\"ListItem\",\"position\":3,\"name\":\"CTA participates in an event for local producers of the European project AgroBRIDGES\"}]},{\"@type\":\"WebSite\",\"@id\":\"https:\\\/\\\/www.corporaciontecnologica.com\\\/#website\",\"url\":\"https:\\\/\\\/www.corporaciontecnologica.com\\\/\",\"name\":\"Corporaci\u00f3n Tecnol\u00f3gica de Andaluc\u00eda CTA\",\"description\":\"\",\"publisher\":{\"@id\":\"https:\\\/\\\/www.corporaciontecnologica.com\\\/#organization\"},\"potentialAction\":[{\"@type\":\"SearchAction\",\"target\":{\"@type\":\"EntryPoint\",\"urlTemplate\":\"https:\\\/\\\/www.corporaciontecnologica.com\\\/?s={search_term_string}\"},\"query-input\":{\"@type\":\"PropertyValueSpecification\",\"valueRequired\":true,\"valueName\":\"search_term_string\"}}],\"inLanguage\":\"en-US\"},{\"@type\":\"Organization\",\"@id\":\"https:\\\/\\\/www.corporaciontecnologica.com\\\/#organization\",\"name\":\"Corporaci\u00f3n Tecnol\u00f3gica de Andaluc\u00eda CTA\",\"url\":\"https:\\\/\\\/www.corporaciontecnologica.com\\\/\",\"logo\":{\"@type\":\"ImageObject\",\"inLanguage\":\"en-US\",\"@id\":\"https:\\\/\\\/www.corporaciontecnologica.com\\\/#\\\/schema\\\/logo\\\/image\\\/\",\"url\":\"https:\\\/\\\/www.corporaciontecnologica.com\\\/wp-content\\\/uploads\\\/2025\\\/01\\\/cropped-350x100TransparenteBlanco.png\",\"contentUrl\":\"https:\\\/\\\/www.corporaciontecnologica.com\\\/wp-content\\\/uploads\\\/2025\\\/01\\\/cropped-350x100TransparenteBlanco.png\",\"width\":349,\"height\":99,\"caption\":\"Corporaci\u00f3n Tecnol\u00f3gica de Andaluc\u00eda CTA\"},\"image\":{\"@id\":\"https:\\\/\\\/www.corporaciontecnologica.com\\\/#\\\/schema\\\/logo\\\/image\\\/\"},\"sameAs\":[\"https:\\\/\\\/www.facebook.com\\\/CTAndalucia\",\"https:\\\/\\\/x.com\\\/CTAndalucia\",\"https:\\\/\\\/www.linkedin.com\\\/company\\\/cta-corporaci-n-tecnol-gica-de-andaluc-a-\"]}]}<\/script>\n<!-- \/ Yoast SEO Premium plugin. -->","yoast_head_json":{"title":"CTA participates in an event for local producers of the European project AgroBRIDGES - Corporaci\u00f3n Tecnol\u00f3gica de Andaluc\u00eda CTA","robots":{"index":"index","follow":"follow","max-snippet":"max-snippet:-1","max-image-preview":"max-image-preview:large","max-video-preview":"max-video-preview:-1"},"canonical":"https:\/\/www.corporaciontecnologica.com\/en\/noticias\/cta-participates-in-an-event-for-local-producers-of-the-european-project-agrobridges\/","og_locale":"en_US","og_type":"article","og_title":"CTA participates in an event for local producers of the European project AgroBRIDGES","og_description":"Innovation consultants Mar\u00eda Jim\u00e9nez and Paula Rosa participated last Saturday, January 28, in an event for local producers of the European project\u00a0AgroBRIDGES\u00a0in the Agroecological Market of San Jer\u00f3nimo in Seville. During the event, the AgroBRIDGES project and two local producers who participate in the project were made known: Grupo La Ca\u00f1a and Conservas contigo. This [&hellip;]","og_url":"https:\/\/www.corporaciontecnologica.com\/en\/noticias\/cta-participates-in-an-event-for-local-producers-of-the-european-project-agrobridges\/","og_site_name":"Corporaci\u00f3n Tecnol\u00f3gica de Andaluc\u00eda CTA","article_publisher":"https:\/\/www.facebook.com\/CTAndalucia","article_modified_time":"2023-10-05T08:24:21+00:00","og_image":[{"width":1024,"height":766,"url":"https:\/\/www.corporaciontecnologica.com\/wp-content\/uploads\/2023\/10\/image-27-1024x766.png","type":"image\/png"}],"twitter_card":"summary_large_image","twitter_site":"@CTAndalucia","twitter_misc":{"Est. reading time":"2 minutes"},"schema":{"@context":"https:\/\/schema.org","@graph":[{"@type":"WebPage","@id":"https:\/\/www.corporaciontecnologica.com\/en\/noticias\/cta-participates-in-an-event-for-local-producers-of-the-european-project-agrobridges\/","url":"https:\/\/www.corporaciontecnologica.com\/en\/noticias\/cta-participates-in-an-event-for-local-producers-of-the-european-project-agrobridges\/","name":"CTA participates in an event for local producers of the European project AgroBRIDGES - Corporaci\u00f3n Tecnol\u00f3gica de Andaluc\u00eda CTA","isPartOf":{"@id":"https:\/\/www.corporaciontecnologica.com\/#website"},"primaryImageOfPage":{"@id":"https:\/\/www.corporaciontecnologica.com\/en\/noticias\/cta-participates-in-an-event-for-local-producers-of-the-european-project-agrobridges\/#primaryimage"},"image":{"@id":"https:\/\/www.corporaciontecnologica.com\/en\/noticias\/cta-participates-in-an-event-for-local-producers-of-the-european-project-agrobridges\/#primaryimage"},"thumbnailUrl":"https:\/\/www.corporaciontecnologica.com\/wp-content\/uploads\/2023\/10\/image-27.png","datePublished":"2023-02-03T08:13:31+00:00","dateModified":"2023-10-05T08:24:21+00:00","breadcrumb":{"@id":"https:\/\/www.corporaciontecnologica.com\/en\/noticias\/cta-participates-in-an-event-for-local-producers-of-the-european-project-agrobridges\/#breadcrumb"},"inLanguage":"en-US","potentialAction":[{"@type":"ReadAction","target":["https:\/\/www.corporaciontecnologica.com\/en\/noticias\/cta-participates-in-an-event-for-local-producers-of-the-european-project-agrobridges\/"]}]},{"@type":"ImageObject","inLanguage":"en-US","@id":"https:\/\/www.corporaciontecnologica.com\/en\/noticias\/cta-participates-in-an-event-for-local-producers-of-the-european-project-agrobridges\/#primaryimage","url":"https:\/\/www.corporaciontecnologica.com\/wp-content\/uploads\/2023\/10\/image-27.png","contentUrl":"https:\/\/www.corporaciontecnologica.com\/wp-content\/uploads\/2023\/10\/image-27.png","width":2048,"height":1532},{"@type":"BreadcrumbList","@id":"https:\/\/www.corporaciontecnologica.com\/en\/noticias\/cta-participates-in-an-event-for-local-producers-of-the-european-project-agrobridges\/#breadcrumb","itemListElement":[{"@type":"ListItem","position":1,"name":"Home","item":"https:\/\/www.corporaciontecnologica.com\/"},{"@type":"ListItem","position":2,"name":"Noticias","item":"https:\/\/www.corporaciontecnologica.com\/noticias\/"},{"@type":"ListItem","position":3,"name":"CTA participates in an event for local producers of the European project AgroBRIDGES"}]},{"@type":"WebSite","@id":"https:\/\/www.corporaciontecnologica.com\/#website","url":"https:\/\/www.corporaciontecnologica.com\/","name":"Corporaci\u00f3n Tecnol\u00f3gica de Andaluc\u00eda CTA","description":"","publisher":{"@id":"https:\/\/www.corporaciontecnologica.com\/#organization"},"potentialAction":[{"@type":"SearchAction","target":{"@type":"EntryPoint","urlTemplate":"https:\/\/www.corporaciontecnologica.com\/?s={search_term_string}"},"query-input":{"@type":"PropertyValueSpecification","valueRequired":true,"valueName":"search_term_string"}}],"inLanguage":"en-US"},{"@type":"Organization","@id":"https:\/\/www.corporaciontecnologica.com\/#organization","name":"Corporaci\u00f3n Tecnol\u00f3gica de Andaluc\u00eda CTA","url":"https:\/\/www.corporaciontecnologica.com\/","logo":{"@type":"ImageObject","inLanguage":"en-US","@id":"https:\/\/www.corporaciontecnologica.com\/#\/schema\/logo\/image\/","url":"https:\/\/www.corporaciontecnologica.com\/wp-content\/uploads\/2025\/01\/cropped-350x100TransparenteBlanco.png","contentUrl":"https:\/\/www.corporaciontecnologica.com\/wp-content\/uploads\/2025\/01\/cropped-350x100TransparenteBlanco.png","width":349,"height":99,"caption":"Corporaci\u00f3n Tecnol\u00f3gica de Andaluc\u00eda CTA"},"image":{"@id":"https:\/\/www.corporaciontecnologica.com\/#\/schema\/logo\/image\/"},"sameAs":["https:\/\/www.facebook.com\/CTAndalucia","https:\/\/x.com\/CTAndalucia","https:\/\/www.linkedin.com\/company\/cta-corporaci-n-tecnol-gica-de-andaluc-a-"]}]}},"_links":{"self":[{"href":"https:\/\/www.corporaciontecnologica.com\/en\/wp-json\/wp\/v2\/noticias\/54343","targetHints":{"allow":["GET"]}}],"collection":[{"href":"https:\/\/www.corporaciontecnologica.com\/en\/wp-json\/wp\/v2\/noticias"}],"about":[{"href":"https:\/\/www.corporaciontecnologica.com\/en\/wp-json\/wp\/v2\/types\/noticias"}],"wp:featuredmedia":[{"embeddable":true,"href":"https:\/\/www.corporaciontecnologica.com\/en\/wp-json\/wp\/v2\/media\/54362"}],"wp:attachment":[{"href":"https:\/\/www.corporaciontecnologica.com\/en\/wp-json\/wp\/v2\/media?parent=54343"}],"wp:term":[{"taxonomy":"categorias-noticias","embeddable":true,"href":"https:\/\/www.corporaciontecnologica.com\/en\/wp-json\/wp\/v2\/categorias-noticias?post=54343"}],"curies":[{"name":"wp","href":"https:\/\/api.w.org\/{rel}","templated":true}]}}