{"id":58924,"date":"2023-06-15T13:36:25","date_gmt":"2023-06-15T12:36:25","guid":{"rendered":"https:\/\/www.corporaciontecnologica.com\/?post_type=noticias&#038;p=58924"},"modified":"2024-06-20T07:28:11","modified_gmt":"2024-06-20T06:28:11","slug":"the-president-of-cta-participates-in-a-vozpopuli-forum-on-digitalization-and-sustainability-in-the-agricultural-sector","status":"publish","type":"noticias","link":"https:\/\/www.corporaciontecnologica.com\/en\/noticias\/the-president-of-cta-participates-in-a-vozpopuli-forum-on-digitalization-and-sustainability-in-the-agricultural-sector\/","title":{"rendered":"The president of CTA participates in a VozP\u00f3puli forum on digitalization and sustainability in the agricultural sector"},"content":{"rendered":"\n<p><strong>15\/06\/2023<\/strong><\/p>\n\n\n\n<p>The president of CTA, Beltr\u00e1n P\u00e9rez, participated today in a forum organized by the newspaper VozP\u00f3puli on &#8220;Tourism and Agribusiness: Promoting the strategic sectors of Andalusia&#8221;, where he defended the importance of innovation to achieve a more competitive and sustainable and increase their margins.<\/p>\n\n\n\n<p>Specifically, P\u00e9rez has participated in a round table on digitalization, innovation, internationalization and sustainability of the Andalusian agri-food sector, together with the president of Landaluz, \u00c1lvaro Guill\u00e9n; the general director of Asaja, F\u00e9lix Garc\u00eda de Leyaristi; the vice president of Asociafruit, Jos\u00e9 Rodr\u00edguez; and the manager of the Seville Rice Growers Association, Eduardo Vera. Furthermore, the round table was preceded by an intervention by the Secretary General of Agriculture, Consolaci\u00f3n Vera.<\/p>\n\n\n\n<figure class=\"wp-block-image size-full\"><img fetchpriority=\"high\" decoding=\"async\" width=\"1024\" height=\"768\" src=\"https:\/\/www.corporaciontecnologica.com\/wp-content\/uploads\/2023\/06\/230615_EncuentroVozPopuli11.png_1730982116.jpg\" alt=\"\" class=\"wp-image-52255\" srcset=\"https:\/\/www.corporaciontecnologica.com\/wp-content\/uploads\/2023\/06\/230615_EncuentroVozPopuli11.png_1730982116.jpg 1024w, https:\/\/www.corporaciontecnologica.com\/wp-content\/uploads\/2023\/06\/230615_EncuentroVozPopuli11.png_1730982116-300x225.jpg 300w, https:\/\/www.corporaciontecnologica.com\/wp-content\/uploads\/2023\/06\/230615_EncuentroVozPopuli11.png_1730982116-768x576.jpg 768w\" sizes=\"(max-width: 1024px) 100vw, 1024px\" \/><\/figure>\n\n\n\n<p>P\u00e9rez pointed out that the Andalusian agri-food sector has made a significant effort to accelerate its innovation in recent years. &#8220;We have innovative farmers, cooperatives and companies, aware of the need to maintain a stable R&amp;D&amp;I strategy to remain competitive and increase their margins,&#8221; he noted and added that, &#8220;however, there are still many technological challenges for the sector and we must continue to increase the effort and extend it to more farms and companies.<\/p>\n\n\n\n<h2 class=\"wp-block-heading\" id=\"h-cta-committed-to-the-agri-food-sector\"><strong>CTA, committed to the agri-food sector<\/strong><\/h2>\n\n\n\n<figure class=\"wp-block-image size-large\"><img decoding=\"async\" width=\"1024\" height=\"768\" src=\"https:\/\/www.corporaciontecnologica.com\/wp-content\/uploads\/2024\/06\/230615_EncuentroVozPopuli-1-1024x768.jpg\" alt=\"\" class=\"wp-image-58927\" srcset=\"https:\/\/www.corporaciontecnologica.com\/wp-content\/uploads\/2024\/06\/230615_EncuentroVozPopuli-1-1024x768.jpg 1024w, https:\/\/www.corporaciontecnologica.com\/wp-content\/uploads\/2024\/06\/230615_EncuentroVozPopuli-1-300x225.jpg 300w, https:\/\/www.corporaciontecnologica.com\/wp-content\/uploads\/2024\/06\/230615_EncuentroVozPopuli-1-768x576.jpg 768w, https:\/\/www.corporaciontecnologica.com\/wp-content\/uploads\/2024\/06\/230615_EncuentroVozPopuli-1-1536x1152.jpg 1536w, https:\/\/www.corporaciontecnologica.com\/wp-content\/uploads\/2024\/06\/230615_EncuentroVozPopuli-1.jpg 2016w\" sizes=\"(max-width: 1024px) 100vw, 1024px\" \/><\/figure>\n\n\n\n<p>The Agri-Food sector is one of the 7 strategic areas for CTA and we have been promoting and supporting digital transformation and innovation in the agricultural sector for almost 18 years with 83 agricultural R&amp;D&amp;I projects incentivized with \u20ac15.5 M in incentives that They have mobilized \u20ac44.72M of private investment and have subcontracted more than \u20ac9M to more than a hundred public research groups.<\/p>\n\n\n\n<p>Among the CTA member companies in the agri-food sector, we can highlight innovative entities such as Agro Sevilla, Aurora Intelligent Nutrition, Heineken, Herba Ricemills, Grupo La Ca\u00f1a, Covap, Bioplagen, AGQ Labs, Biomasa del Guadalquivir, Tepro, Bionaturis, Kaura Coproducts, Cajamar and Caja Rural del Sur.  <\/p>\n\n\n\n<p>Furthermore, CTA is a reference partner in international innovation projects funded by the European Union and more than 22 of the projects we are part of are related to the agri-food sector: Biobec, Robin, Biotransform, Track, Gen4olive, Connecteo, Urbiofuture , Diva, Superbio, MPowerBIO, Agrobridges, Zerow, Biomasstep, Bioswitch, Excornseed or Bio4Africa are some examples.<\/p>\n\n\n\n<p>Likewise, we are members of Andaluc\u00eda Agrotech, the first Digital Innovation Hub (DIH) that has achieved European recognition and which aims to respond to the needs of the Andalusian agri-food sector.<\/p>\n\n\n\n<p>In short, CTA is committed to the Andalusian agri-food sector and we offer our expert advice, our network of contacts and financial support to accelerate innovation in the sector.<\/p>\n\n\n\n<p><\/p>\n","protected":false},"featured_media":52255,"template":"","categorias-noticias":[309],"class_list":["post-58924","noticias","type-noticias","status-publish","has-post-thumbnail","hentry","categorias-noticias-noticias-en"],"yoast_head":"<!-- This site is optimized with the Yoast SEO Premium plugin v27.4 (Yoast SEO v27.4) - https:\/\/yoast.com\/product\/yoast-seo-premium-wordpress\/ -->\n<title>The president of CTA participates in a VozP\u00f3puli forum on digitalization and sustainability in the agricultural sector - Corporaci\u00f3n Tecnol\u00f3gica de Andaluc\u00eda CTA<\/title>\n<meta name=\"robots\" content=\"index, follow, max-snippet:-1, max-image-preview:large, max-video-preview:-1\" \/>\n<link rel=\"canonical\" href=\"https:\/\/www.corporaciontecnologica.com\/en\/noticias\/the-president-of-cta-participates-in-a-vozpopuli-forum-on-digitalization-and-sustainability-in-the-agricultural-sector\/\" \/>\n<meta property=\"og:locale\" content=\"en_US\" \/>\n<meta property=\"og:type\" content=\"article\" \/>\n<meta property=\"og:title\" content=\"The president of CTA participates in a VozP\u00f3puli forum on digitalization and sustainability in the agricultural sector\" \/>\n<meta property=\"og:description\" content=\"15\/06\/2023 The president of CTA, Beltr\u00e1n P\u00e9rez, participated today in a forum organized by the newspaper VozP\u00f3puli on &#8220;Tourism and Agribusiness: Promoting the strategic sectors of Andalusia&#8221;, where he defended the importance of innovation to achieve a more competitive and sustainable and increase their margins. Specifically, P\u00e9rez has participated in a round table on digitalization, [&hellip;]\" \/>\n<meta property=\"og:url\" content=\"https:\/\/www.corporaciontecnologica.com\/en\/noticias\/the-president-of-cta-participates-in-a-vozpopuli-forum-on-digitalization-and-sustainability-in-the-agricultural-sector\/\" \/>\n<meta property=\"og:site_name\" content=\"Corporaci\u00f3n Tecnol\u00f3gica de Andaluc\u00eda CTA\" \/>\n<meta property=\"article:publisher\" content=\"https:\/\/www.facebook.com\/CTAndalucia\" \/>\n<meta property=\"article:modified_time\" content=\"2024-06-20T06:28:11+00:00\" \/>\n<meta property=\"og:image\" content=\"https:\/\/www.corporaciontecnologica.com\/wp-content\/uploads\/2023\/06\/230615_EncuentroVozPopuli11.png_1730982116.jpg\" \/>\n\t<meta property=\"og:image:width\" content=\"1024\" \/>\n\t<meta property=\"og:image:height\" content=\"768\" \/>\n\t<meta property=\"og:image:type\" content=\"image\/jpeg\" \/>\n<meta name=\"twitter:card\" content=\"summary_large_image\" \/>\n<meta name=\"twitter:site\" content=\"@CTAndalucia\" \/>\n<meta name=\"twitter:label1\" content=\"Est. reading time\" \/>\n\t<meta name=\"twitter:data1\" content=\"3 minutes\" \/>\n<script type=\"application\/ld+json\" class=\"yoast-schema-graph\">{\"@context\":\"https:\\\/\\\/schema.org\",\"@graph\":[{\"@type\":\"WebPage\",\"@id\":\"https:\\\/\\\/www.corporaciontecnologica.com\\\/en\\\/noticias\\\/the-president-of-cta-participates-in-a-vozpopuli-forum-on-digitalization-and-sustainability-in-the-agricultural-sector\\\/\",\"url\":\"https:\\\/\\\/www.corporaciontecnologica.com\\\/en\\\/noticias\\\/the-president-of-cta-participates-in-a-vozpopuli-forum-on-digitalization-and-sustainability-in-the-agricultural-sector\\\/\",\"name\":\"The president of CTA participates in a VozP\u00f3puli forum on digitalization and sustainability in the agricultural sector - Corporaci\u00f3n Tecnol\u00f3gica de Andaluc\u00eda CTA\",\"isPartOf\":{\"@id\":\"https:\\\/\\\/www.corporaciontecnologica.com\\\/#website\"},\"primaryImageOfPage\":{\"@id\":\"https:\\\/\\\/www.corporaciontecnologica.com\\\/en\\\/noticias\\\/the-president-of-cta-participates-in-a-vozpopuli-forum-on-digitalization-and-sustainability-in-the-agricultural-sector\\\/#primaryimage\"},\"image\":{\"@id\":\"https:\\\/\\\/www.corporaciontecnologica.com\\\/en\\\/noticias\\\/the-president-of-cta-participates-in-a-vozpopuli-forum-on-digitalization-and-sustainability-in-the-agricultural-sector\\\/#primaryimage\"},\"thumbnailUrl\":\"https:\\\/\\\/www.corporaciontecnologica.com\\\/wp-content\\\/uploads\\\/2023\\\/06\\\/230615_EncuentroVozPopuli11.png_1730982116.jpg\",\"datePublished\":\"2023-06-15T12:36:25+00:00\",\"dateModified\":\"2024-06-20T06:28:11+00:00\",\"breadcrumb\":{\"@id\":\"https:\\\/\\\/www.corporaciontecnologica.com\\\/en\\\/noticias\\\/the-president-of-cta-participates-in-a-vozpopuli-forum-on-digitalization-and-sustainability-in-the-agricultural-sector\\\/#breadcrumb\"},\"inLanguage\":\"en-US\",\"potentialAction\":[{\"@type\":\"ReadAction\",\"target\":[\"https:\\\/\\\/www.corporaciontecnologica.com\\\/en\\\/noticias\\\/the-president-of-cta-participates-in-a-vozpopuli-forum-on-digitalization-and-sustainability-in-the-agricultural-sector\\\/\"]}]},{\"@type\":\"ImageObject\",\"inLanguage\":\"en-US\",\"@id\":\"https:\\\/\\\/www.corporaciontecnologica.com\\\/en\\\/noticias\\\/the-president-of-cta-participates-in-a-vozpopuli-forum-on-digitalization-and-sustainability-in-the-agricultural-sector\\\/#primaryimage\",\"url\":\"https:\\\/\\\/www.corporaciontecnologica.com\\\/wp-content\\\/uploads\\\/2023\\\/06\\\/230615_EncuentroVozPopuli11.png_1730982116.jpg\",\"contentUrl\":\"https:\\\/\\\/www.corporaciontecnologica.com\\\/wp-content\\\/uploads\\\/2023\\\/06\\\/230615_EncuentroVozPopuli11.png_1730982116.jpg\",\"width\":1024,\"height\":768},{\"@type\":\"BreadcrumbList\",\"@id\":\"https:\\\/\\\/www.corporaciontecnologica.com\\\/en\\\/noticias\\\/the-president-of-cta-participates-in-a-vozpopuli-forum-on-digitalization-and-sustainability-in-the-agricultural-sector\\\/#breadcrumb\",\"itemListElement\":[{\"@type\":\"ListItem\",\"position\":1,\"name\":\"Home\",\"item\":\"https:\\\/\\\/www.corporaciontecnologica.com\\\/\"},{\"@type\":\"ListItem\",\"position\":2,\"name\":\"Noticias\",\"item\":\"https:\\\/\\\/www.corporaciontecnologica.com\\\/noticias\\\/\"},{\"@type\":\"ListItem\",\"position\":3,\"name\":\"The president of CTA participates in a VozP\u00f3puli forum on digitalization and sustainability in the agricultural sector\"}]},{\"@type\":\"WebSite\",\"@id\":\"https:\\\/\\\/www.corporaciontecnologica.com\\\/#website\",\"url\":\"https:\\\/\\\/www.corporaciontecnologica.com\\\/\",\"name\":\"Corporaci\u00f3n Tecnol\u00f3gica de Andaluc\u00eda CTA\",\"description\":\"\",\"publisher\":{\"@id\":\"https:\\\/\\\/www.corporaciontecnologica.com\\\/#organization\"},\"potentialAction\":[{\"@type\":\"SearchAction\",\"target\":{\"@type\":\"EntryPoint\",\"urlTemplate\":\"https:\\\/\\\/www.corporaciontecnologica.com\\\/?s={search_term_string}\"},\"query-input\":{\"@type\":\"PropertyValueSpecification\",\"valueRequired\":true,\"valueName\":\"search_term_string\"}}],\"inLanguage\":\"en-US\"},{\"@type\":\"Organization\",\"@id\":\"https:\\\/\\\/www.corporaciontecnologica.com\\\/#organization\",\"name\":\"Corporaci\u00f3n Tecnol\u00f3gica de Andaluc\u00eda CTA\",\"url\":\"https:\\\/\\\/www.corporaciontecnologica.com\\\/\",\"logo\":{\"@type\":\"ImageObject\",\"inLanguage\":\"en-US\",\"@id\":\"https:\\\/\\\/www.corporaciontecnologica.com\\\/#\\\/schema\\\/logo\\\/image\\\/\",\"url\":\"https:\\\/\\\/www.corporaciontecnologica.com\\\/wp-content\\\/uploads\\\/2025\\\/01\\\/cropped-350x100TransparenteBlanco.png\",\"contentUrl\":\"https:\\\/\\\/www.corporaciontecnologica.com\\\/wp-content\\\/uploads\\\/2025\\\/01\\\/cropped-350x100TransparenteBlanco.png\",\"width\":349,\"height\":99,\"caption\":\"Corporaci\u00f3n Tecnol\u00f3gica de Andaluc\u00eda CTA\"},\"image\":{\"@id\":\"https:\\\/\\\/www.corporaciontecnologica.com\\\/#\\\/schema\\\/logo\\\/image\\\/\"},\"sameAs\":[\"https:\\\/\\\/www.facebook.com\\\/CTAndalucia\",\"https:\\\/\\\/x.com\\\/CTAndalucia\",\"https:\\\/\\\/www.linkedin.com\\\/company\\\/cta-corporaci-n-tecnol-gica-de-andaluc-a-\"]}]}<\/script>\n<!-- \/ Yoast SEO Premium plugin. -->","yoast_head_json":{"title":"The president of CTA participates in a VozP\u00f3puli forum on digitalization and sustainability in the agricultural sector - Corporaci\u00f3n Tecnol\u00f3gica de Andaluc\u00eda CTA","robots":{"index":"index","follow":"follow","max-snippet":"max-snippet:-1","max-image-preview":"max-image-preview:large","max-video-preview":"max-video-preview:-1"},"canonical":"https:\/\/www.corporaciontecnologica.com\/en\/noticias\/the-president-of-cta-participates-in-a-vozpopuli-forum-on-digitalization-and-sustainability-in-the-agricultural-sector\/","og_locale":"en_US","og_type":"article","og_title":"The president of CTA participates in a VozP\u00f3puli forum on digitalization and sustainability in the agricultural sector","og_description":"15\/06\/2023 The president of CTA, Beltr\u00e1n P\u00e9rez, participated today in a forum organized by the newspaper VozP\u00f3puli on &#8220;Tourism and Agribusiness: Promoting the strategic sectors of Andalusia&#8221;, where he defended the importance of innovation to achieve a more competitive and sustainable and increase their margins. Specifically, P\u00e9rez has participated in a round table on digitalization, [&hellip;]","og_url":"https:\/\/www.corporaciontecnologica.com\/en\/noticias\/the-president-of-cta-participates-in-a-vozpopuli-forum-on-digitalization-and-sustainability-in-the-agricultural-sector\/","og_site_name":"Corporaci\u00f3n Tecnol\u00f3gica de Andaluc\u00eda CTA","article_publisher":"https:\/\/www.facebook.com\/CTAndalucia","article_modified_time":"2024-06-20T06:28:11+00:00","og_image":[{"width":1024,"height":768,"url":"https:\/\/www.corporaciontecnologica.com\/wp-content\/uploads\/2023\/06\/230615_EncuentroVozPopuli11.png_1730982116.jpg","type":"image\/jpeg"}],"twitter_card":"summary_large_image","twitter_site":"@CTAndalucia","twitter_misc":{"Est. reading time":"3 minutes"},"schema":{"@context":"https:\/\/schema.org","@graph":[{"@type":"WebPage","@id":"https:\/\/www.corporaciontecnologica.com\/en\/noticias\/the-president-of-cta-participates-in-a-vozpopuli-forum-on-digitalization-and-sustainability-in-the-agricultural-sector\/","url":"https:\/\/www.corporaciontecnologica.com\/en\/noticias\/the-president-of-cta-participates-in-a-vozpopuli-forum-on-digitalization-and-sustainability-in-the-agricultural-sector\/","name":"The president of CTA participates in a VozP\u00f3puli forum on digitalization and sustainability in the agricultural sector - Corporaci\u00f3n Tecnol\u00f3gica de Andaluc\u00eda CTA","isPartOf":{"@id":"https:\/\/www.corporaciontecnologica.com\/#website"},"primaryImageOfPage":{"@id":"https:\/\/www.corporaciontecnologica.com\/en\/noticias\/the-president-of-cta-participates-in-a-vozpopuli-forum-on-digitalization-and-sustainability-in-the-agricultural-sector\/#primaryimage"},"image":{"@id":"https:\/\/www.corporaciontecnologica.com\/en\/noticias\/the-president-of-cta-participates-in-a-vozpopuli-forum-on-digitalization-and-sustainability-in-the-agricultural-sector\/#primaryimage"},"thumbnailUrl":"https:\/\/www.corporaciontecnologica.com\/wp-content\/uploads\/2023\/06\/230615_EncuentroVozPopuli11.png_1730982116.jpg","datePublished":"2023-06-15T12:36:25+00:00","dateModified":"2024-06-20T06:28:11+00:00","breadcrumb":{"@id":"https:\/\/www.corporaciontecnologica.com\/en\/noticias\/the-president-of-cta-participates-in-a-vozpopuli-forum-on-digitalization-and-sustainability-in-the-agricultural-sector\/#breadcrumb"},"inLanguage":"en-US","potentialAction":[{"@type":"ReadAction","target":["https:\/\/www.corporaciontecnologica.com\/en\/noticias\/the-president-of-cta-participates-in-a-vozpopuli-forum-on-digitalization-and-sustainability-in-the-agricultural-sector\/"]}]},{"@type":"ImageObject","inLanguage":"en-US","@id":"https:\/\/www.corporaciontecnologica.com\/en\/noticias\/the-president-of-cta-participates-in-a-vozpopuli-forum-on-digitalization-and-sustainability-in-the-agricultural-sector\/#primaryimage","url":"https:\/\/www.corporaciontecnologica.com\/wp-content\/uploads\/2023\/06\/230615_EncuentroVozPopuli11.png_1730982116.jpg","contentUrl":"https:\/\/www.corporaciontecnologica.com\/wp-content\/uploads\/2023\/06\/230615_EncuentroVozPopuli11.png_1730982116.jpg","width":1024,"height":768},{"@type":"BreadcrumbList","@id":"https:\/\/www.corporaciontecnologica.com\/en\/noticias\/the-president-of-cta-participates-in-a-vozpopuli-forum-on-digitalization-and-sustainability-in-the-agricultural-sector\/#breadcrumb","itemListElement":[{"@type":"ListItem","position":1,"name":"Home","item":"https:\/\/www.corporaciontecnologica.com\/"},{"@type":"ListItem","position":2,"name":"Noticias","item":"https:\/\/www.corporaciontecnologica.com\/noticias\/"},{"@type":"ListItem","position":3,"name":"The president of CTA participates in a VozP\u00f3puli forum on digitalization and sustainability in the agricultural sector"}]},{"@type":"WebSite","@id":"https:\/\/www.corporaciontecnologica.com\/#website","url":"https:\/\/www.corporaciontecnologica.com\/","name":"Corporaci\u00f3n Tecnol\u00f3gica de Andaluc\u00eda CTA","description":"","publisher":{"@id":"https:\/\/www.corporaciontecnologica.com\/#organization"},"potentialAction":[{"@type":"SearchAction","target":{"@type":"EntryPoint","urlTemplate":"https:\/\/www.corporaciontecnologica.com\/?s={search_term_string}"},"query-input":{"@type":"PropertyValueSpecification","valueRequired":true,"valueName":"search_term_string"}}],"inLanguage":"en-US"},{"@type":"Organization","@id":"https:\/\/www.corporaciontecnologica.com\/#organization","name":"Corporaci\u00f3n Tecnol\u00f3gica de Andaluc\u00eda CTA","url":"https:\/\/www.corporaciontecnologica.com\/","logo":{"@type":"ImageObject","inLanguage":"en-US","@id":"https:\/\/www.corporaciontecnologica.com\/#\/schema\/logo\/image\/","url":"https:\/\/www.corporaciontecnologica.com\/wp-content\/uploads\/2025\/01\/cropped-350x100TransparenteBlanco.png","contentUrl":"https:\/\/www.corporaciontecnologica.com\/wp-content\/uploads\/2025\/01\/cropped-350x100TransparenteBlanco.png","width":349,"height":99,"caption":"Corporaci\u00f3n Tecnol\u00f3gica de Andaluc\u00eda CTA"},"image":{"@id":"https:\/\/www.corporaciontecnologica.com\/#\/schema\/logo\/image\/"},"sameAs":["https:\/\/www.facebook.com\/CTAndalucia","https:\/\/x.com\/CTAndalucia","https:\/\/www.linkedin.com\/company\/cta-corporaci-n-tecnol-gica-de-andaluc-a-"]}]}},"_links":{"self":[{"href":"https:\/\/www.corporaciontecnologica.com\/en\/wp-json\/wp\/v2\/noticias\/58924","targetHints":{"allow":["GET"]}}],"collection":[{"href":"https:\/\/www.corporaciontecnologica.com\/en\/wp-json\/wp\/v2\/noticias"}],"about":[{"href":"https:\/\/www.corporaciontecnologica.com\/en\/wp-json\/wp\/v2\/types\/noticias"}],"wp:featuredmedia":[{"embeddable":true,"href":"https:\/\/www.corporaciontecnologica.com\/en\/wp-json\/wp\/v2\/media\/52255"}],"wp:attachment":[{"href":"https:\/\/www.corporaciontecnologica.com\/en\/wp-json\/wp\/v2\/media?parent=58924"}],"wp:term":[{"taxonomy":"categorias-noticias","embeddable":true,"href":"https:\/\/www.corporaciontecnologica.com\/en\/wp-json\/wp\/v2\/categorias-noticias?post=58924"}],"curies":[{"name":"wp","href":"https:\/\/api.w.org\/{rel}","templated":true}]}}