{"id":59024,"date":"2023-12-05T03:55:00","date_gmt":"2023-12-05T02:55:00","guid":{"rendered":"https:\/\/www.corporaciontecnologica.com\/?post_type=noticias&#038;p=59024"},"modified":"2024-06-21T08:34:45","modified_gmt":"2024-06-21T07:34:45","slug":"cta-receives-a-mission-from-public-regional-development-bodies-of-croatia","status":"publish","type":"noticias","link":"https:\/\/www.corporaciontecnologica.com\/en\/noticias\/cta-receives-a-mission-from-public-regional-development-bodies-of-croatia\/","title":{"rendered":"CTA receives a mission from public regional development organizations in Croatia"},"content":{"rendered":"\n<figure class=\"wp-block-image alignleft size-full is-resized\"><img decoding=\"async\" src=\"https:\/\/www.corporaciontecnologica.com\/wp-content\/uploads\/2024\/06\/VisitaCroaciaCTA2-1024x672-1.jpg\" alt=\"CTA receives a mission from public regional development organizations in Croatia\" class=\"wp-image-59025\" style=\"width:549px;height:auto\"\/><\/figure>\n\n\n\n<p>CTA has received at its headquarters a mission organized by the Organization for Economic Cooperation and Development (OECD) of a dozen representatives of the Ministry of Regional Development and EU Funds and several Croatian development agencies interested in better understanding aspects of the socioeconomic development of the territory, innovation and entrepreneurship in Andalusia.<\/p>\n\n\n\n<p>The OECD has organized this mission in collaboration with Andaluc\u00eda TRADE within the framework of the project&nbsp;Enhanced Strategic Planning at Regional and Local Levels in Croatia. On behalf of CTA, the Technical Director, Fabi\u00e1n Varas; The head of the Aerospace-Production Processes sector, Silvia de los Santos, and the Business Development consultant Mar\u00eda Jim\u00e9nez attended to the attendees and explained the keys to CTA&#8217;s public-private collaboration model and some European projects in which CTA is collaborating. with Croatian entities, such as AeroSTREAM, AeRoTwin or SCALE-UP.<\/p>\n\n\n\n<p>The Croatian attendees showed their interest in learning about the mechanisms of cooperation between representatives of the private sector (for example, cluster organizations, regional or local business associations such as CTA) and the Andalusian public administration and body, in particular Andaluc\u00eda TRADE, in areas such as:<\/p>\n\n\n\n<ul class=\"wp-block-list\">\n<li>Identify regional development challenges and inform the design and implementation of regional development policy (e.g. S3 strategy).<\/li>\n\n\n\n<li>Design and implement projects aimed at promoting innovation in the region.<\/li>\n\n\n\n<li>Identify investment opportunities and report on public investment by regional and local authorities.<\/li>\n\n\n\n<li>Identify the needs and priorities of the local business community and provide specific technical or financial support.<\/li>\n<\/ul>\n","protected":false},"featured_media":59025,"template":"","categorias-noticias":[],"class_list":["post-59024","noticias","type-noticias","status-publish","has-post-thumbnail","hentry"],"yoast_head":"<!-- This site is optimized with the Yoast SEO Premium plugin v27.4 (Yoast SEO v27.4) - https:\/\/yoast.com\/product\/yoast-seo-premium-wordpress\/ -->\n<title>CTA receives a mission from public regional development organizations in Croatia - Corporaci\u00f3n Tecnol\u00f3gica de Andaluc\u00eda CTA<\/title>\n<meta name=\"description\" content=\"CTA has received at its headquarters a mission, organized by the OECD in collaboration with Andaluc\u00eda TRADE, of a dozen representatives of the Ministry of Regional Development and EU Funds and several regional development agencies of Croatia. CTA representatives explained the keys to the foundation&#039;s public-private collaboration model and some European projects in which CTA is collaborating with Croatian entities, such as AeroSTREAM, AeRoTwin or SCALE-UP.\" \/>\n<meta name=\"robots\" content=\"index, follow, max-snippet:-1, max-image-preview:large, max-video-preview:-1\" \/>\n<link rel=\"canonical\" href=\"https:\/\/www.corporaciontecnologica.com\/en\/noticias\/cta-receives-a-mission-from-public-regional-development-bodies-of-croatia\/\" \/>\n<meta property=\"og:locale\" content=\"en_US\" \/>\n<meta property=\"og:type\" content=\"article\" \/>\n<meta property=\"og:title\" content=\"CTA receives a mission from public regional development organizations in Croatia\" \/>\n<meta property=\"og:description\" content=\"CTA has received at its headquarters a mission, organized by the OECD in collaboration with Andaluc\u00eda TRADE, of a dozen representatives of the Ministry of Regional Development and EU Funds and several regional development agencies of Croatia. CTA representatives explained the keys to the foundation&#039;s public-private collaboration model and some European projects in which CTA is collaborating with Croatian entities, such as AeroSTREAM, AeRoTwin or SCALE-UP.\" \/>\n<meta property=\"og:url\" content=\"https:\/\/www.corporaciontecnologica.com\/en\/noticias\/cta-receives-a-mission-from-public-regional-development-bodies-of-croatia\/\" \/>\n<meta property=\"og:site_name\" content=\"Corporaci\u00f3n Tecnol\u00f3gica de Andaluc\u00eda CTA\" \/>\n<meta property=\"article:publisher\" content=\"https:\/\/www.facebook.com\/CTAndalucia\" \/>\n<meta property=\"article:modified_time\" content=\"2024-06-21T07:34:45+00:00\" \/>\n<meta property=\"og:image\" content=\"https:\/\/www.corporaciontecnologica.com\/wp-content\/uploads\/2024\/06\/VisitaCroaciaCTA2-1024x672-1-e1718955266812.jpg\" \/>\n\t<meta property=\"og:image:width\" content=\"1024\" \/>\n\t<meta property=\"og:image:height\" content=\"604\" \/>\n\t<meta property=\"og:image:type\" content=\"image\/jpeg\" \/>\n<meta name=\"twitter:card\" content=\"summary_large_image\" \/>\n<meta name=\"twitter:site\" content=\"@CTAndalucia\" \/>\n<meta name=\"twitter:label1\" content=\"Est. reading time\" \/>\n\t<meta name=\"twitter:data1\" content=\"2 minutes\" \/>\n<script type=\"application\/ld+json\" class=\"yoast-schema-graph\">{\"@context\":\"https:\\\/\\\/schema.org\",\"@graph\":[{\"@type\":\"WebPage\",\"@id\":\"https:\\\/\\\/www.corporaciontecnologica.com\\\/en\\\/noticias\\\/cta-receives-a-mission-from-public-regional-development-bodies-of-croatia\\\/\",\"url\":\"https:\\\/\\\/www.corporaciontecnologica.com\\\/en\\\/noticias\\\/cta-receives-a-mission-from-public-regional-development-bodies-of-croatia\\\/\",\"name\":\"CTA receives a mission from public regional development organizations in Croatia - Corporaci\u00f3n Tecnol\u00f3gica de Andaluc\u00eda CTA\",\"isPartOf\":{\"@id\":\"https:\\\/\\\/www.corporaciontecnologica.com\\\/#website\"},\"primaryImageOfPage\":{\"@id\":\"https:\\\/\\\/www.corporaciontecnologica.com\\\/en\\\/noticias\\\/cta-receives-a-mission-from-public-regional-development-bodies-of-croatia\\\/#primaryimage\"},\"image\":{\"@id\":\"https:\\\/\\\/www.corporaciontecnologica.com\\\/en\\\/noticias\\\/cta-receives-a-mission-from-public-regional-development-bodies-of-croatia\\\/#primaryimage\"},\"thumbnailUrl\":\"https:\\\/\\\/www.corporaciontecnologica.com\\\/wp-content\\\/uploads\\\/2024\\\/06\\\/VisitaCroaciaCTA2-1024x672-1-e1718955266812.jpg\",\"datePublished\":\"2023-12-05T02:55:00+00:00\",\"dateModified\":\"2024-06-21T07:34:45+00:00\",\"description\":\"CTA has received at its headquarters a mission, organized by the OECD in collaboration with Andaluc\u00eda TRADE, of a dozen representatives of the Ministry of Regional Development and EU Funds and several regional development agencies of Croatia. CTA representatives explained the keys to the foundation's public-private collaboration model and some European projects in which CTA is collaborating with Croatian entities, such as AeroSTREAM, AeRoTwin or SCALE-UP.\",\"breadcrumb\":{\"@id\":\"https:\\\/\\\/www.corporaciontecnologica.com\\\/en\\\/noticias\\\/cta-receives-a-mission-from-public-regional-development-bodies-of-croatia\\\/#breadcrumb\"},\"inLanguage\":\"en-US\",\"potentialAction\":[{\"@type\":\"ReadAction\",\"target\":[\"https:\\\/\\\/www.corporaciontecnologica.com\\\/en\\\/noticias\\\/cta-receives-a-mission-from-public-regional-development-bodies-of-croatia\\\/\"]}]},{\"@type\":\"ImageObject\",\"inLanguage\":\"en-US\",\"@id\":\"https:\\\/\\\/www.corporaciontecnologica.com\\\/en\\\/noticias\\\/cta-receives-a-mission-from-public-regional-development-bodies-of-croatia\\\/#primaryimage\",\"url\":\"https:\\\/\\\/www.corporaciontecnologica.com\\\/wp-content\\\/uploads\\\/2024\\\/06\\\/VisitaCroaciaCTA2-1024x672-1-e1718955266812.jpg\",\"contentUrl\":\"https:\\\/\\\/www.corporaciontecnologica.com\\\/wp-content\\\/uploads\\\/2024\\\/06\\\/VisitaCroaciaCTA2-1024x672-1-e1718955266812.jpg\",\"width\":1024,\"height\":604},{\"@type\":\"BreadcrumbList\",\"@id\":\"https:\\\/\\\/www.corporaciontecnologica.com\\\/en\\\/noticias\\\/cta-receives-a-mission-from-public-regional-development-bodies-of-croatia\\\/#breadcrumb\",\"itemListElement\":[{\"@type\":\"ListItem\",\"position\":1,\"name\":\"Home\",\"item\":\"https:\\\/\\\/www.corporaciontecnologica.com\\\/\"},{\"@type\":\"ListItem\",\"position\":2,\"name\":\"Noticias\",\"item\":\"https:\\\/\\\/www.corporaciontecnologica.com\\\/noticias\\\/\"},{\"@type\":\"ListItem\",\"position\":3,\"name\":\"CTA receives a mission from public regional development organizations in Croatia\"}]},{\"@type\":\"WebSite\",\"@id\":\"https:\\\/\\\/www.corporaciontecnologica.com\\\/#website\",\"url\":\"https:\\\/\\\/www.corporaciontecnologica.com\\\/\",\"name\":\"Corporaci\u00f3n Tecnol\u00f3gica de Andaluc\u00eda CTA\",\"description\":\"\",\"publisher\":{\"@id\":\"https:\\\/\\\/www.corporaciontecnologica.com\\\/#organization\"},\"potentialAction\":[{\"@type\":\"SearchAction\",\"target\":{\"@type\":\"EntryPoint\",\"urlTemplate\":\"https:\\\/\\\/www.corporaciontecnologica.com\\\/?s={search_term_string}\"},\"query-input\":{\"@type\":\"PropertyValueSpecification\",\"valueRequired\":true,\"valueName\":\"search_term_string\"}}],\"inLanguage\":\"en-US\"},{\"@type\":\"Organization\",\"@id\":\"https:\\\/\\\/www.corporaciontecnologica.com\\\/#organization\",\"name\":\"Corporaci\u00f3n Tecnol\u00f3gica de Andaluc\u00eda CTA\",\"url\":\"https:\\\/\\\/www.corporaciontecnologica.com\\\/\",\"logo\":{\"@type\":\"ImageObject\",\"inLanguage\":\"en-US\",\"@id\":\"https:\\\/\\\/www.corporaciontecnologica.com\\\/#\\\/schema\\\/logo\\\/image\\\/\",\"url\":\"https:\\\/\\\/www.corporaciontecnologica.com\\\/wp-content\\\/uploads\\\/2025\\\/01\\\/cropped-350x100TransparenteBlanco.png\",\"contentUrl\":\"https:\\\/\\\/www.corporaciontecnologica.com\\\/wp-content\\\/uploads\\\/2025\\\/01\\\/cropped-350x100TransparenteBlanco.png\",\"width\":349,\"height\":99,\"caption\":\"Corporaci\u00f3n Tecnol\u00f3gica de Andaluc\u00eda CTA\"},\"image\":{\"@id\":\"https:\\\/\\\/www.corporaciontecnologica.com\\\/#\\\/schema\\\/logo\\\/image\\\/\"},\"sameAs\":[\"https:\\\/\\\/www.facebook.com\\\/CTAndalucia\",\"https:\\\/\\\/x.com\\\/CTAndalucia\",\"https:\\\/\\\/www.linkedin.com\\\/company\\\/cta-corporaci-n-tecnol-gica-de-andaluc-a-\"]}]}<\/script>\n<!-- \/ Yoast SEO Premium plugin. -->","yoast_head_json":{"title":"CTA receives a mission from public regional development organizations in Croatia - Corporaci\u00f3n Tecnol\u00f3gica de Andaluc\u00eda CTA","description":"CTA has received at its headquarters a mission, organized by the OECD in collaboration with Andaluc\u00eda TRADE, of a dozen representatives of the Ministry of Regional Development and EU Funds and several regional development agencies of Croatia. CTA representatives explained the keys to the foundation's public-private collaboration model and some European projects in which CTA is collaborating with Croatian entities, such as AeroSTREAM, AeRoTwin or SCALE-UP.","robots":{"index":"index","follow":"follow","max-snippet":"max-snippet:-1","max-image-preview":"max-image-preview:large","max-video-preview":"max-video-preview:-1"},"canonical":"https:\/\/www.corporaciontecnologica.com\/en\/noticias\/cta-receives-a-mission-from-public-regional-development-bodies-of-croatia\/","og_locale":"en_US","og_type":"article","og_title":"CTA receives a mission from public regional development organizations in Croatia","og_description":"CTA has received at its headquarters a mission, organized by the OECD in collaboration with Andaluc\u00eda TRADE, of a dozen representatives of the Ministry of Regional Development and EU Funds and several regional development agencies of Croatia. CTA representatives explained the keys to the foundation's public-private collaboration model and some European projects in which CTA is collaborating with Croatian entities, such as AeroSTREAM, AeRoTwin or SCALE-UP.","og_url":"https:\/\/www.corporaciontecnologica.com\/en\/noticias\/cta-receives-a-mission-from-public-regional-development-bodies-of-croatia\/","og_site_name":"Corporaci\u00f3n Tecnol\u00f3gica de Andaluc\u00eda CTA","article_publisher":"https:\/\/www.facebook.com\/CTAndalucia","article_modified_time":"2024-06-21T07:34:45+00:00","og_image":[{"width":1024,"height":604,"url":"https:\/\/www.corporaciontecnologica.com\/wp-content\/uploads\/2024\/06\/VisitaCroaciaCTA2-1024x672-1-e1718955266812.jpg","type":"image\/jpeg"}],"twitter_card":"summary_large_image","twitter_site":"@CTAndalucia","twitter_misc":{"Est. reading time":"2 minutes"},"schema":{"@context":"https:\/\/schema.org","@graph":[{"@type":"WebPage","@id":"https:\/\/www.corporaciontecnologica.com\/en\/noticias\/cta-receives-a-mission-from-public-regional-development-bodies-of-croatia\/","url":"https:\/\/www.corporaciontecnologica.com\/en\/noticias\/cta-receives-a-mission-from-public-regional-development-bodies-of-croatia\/","name":"CTA receives a mission from public regional development organizations in Croatia - Corporaci\u00f3n Tecnol\u00f3gica de Andaluc\u00eda CTA","isPartOf":{"@id":"https:\/\/www.corporaciontecnologica.com\/#website"},"primaryImageOfPage":{"@id":"https:\/\/www.corporaciontecnologica.com\/en\/noticias\/cta-receives-a-mission-from-public-regional-development-bodies-of-croatia\/#primaryimage"},"image":{"@id":"https:\/\/www.corporaciontecnologica.com\/en\/noticias\/cta-receives-a-mission-from-public-regional-development-bodies-of-croatia\/#primaryimage"},"thumbnailUrl":"https:\/\/www.corporaciontecnologica.com\/wp-content\/uploads\/2024\/06\/VisitaCroaciaCTA2-1024x672-1-e1718955266812.jpg","datePublished":"2023-12-05T02:55:00+00:00","dateModified":"2024-06-21T07:34:45+00:00","description":"CTA has received at its headquarters a mission, organized by the OECD in collaboration with Andaluc\u00eda TRADE, of a dozen representatives of the Ministry of Regional Development and EU Funds and several regional development agencies of Croatia. CTA representatives explained the keys to the foundation's public-private collaboration model and some European projects in which CTA is collaborating with Croatian entities, such as AeroSTREAM, AeRoTwin or SCALE-UP.","breadcrumb":{"@id":"https:\/\/www.corporaciontecnologica.com\/en\/noticias\/cta-receives-a-mission-from-public-regional-development-bodies-of-croatia\/#breadcrumb"},"inLanguage":"en-US","potentialAction":[{"@type":"ReadAction","target":["https:\/\/www.corporaciontecnologica.com\/en\/noticias\/cta-receives-a-mission-from-public-regional-development-bodies-of-croatia\/"]}]},{"@type":"ImageObject","inLanguage":"en-US","@id":"https:\/\/www.corporaciontecnologica.com\/en\/noticias\/cta-receives-a-mission-from-public-regional-development-bodies-of-croatia\/#primaryimage","url":"https:\/\/www.corporaciontecnologica.com\/wp-content\/uploads\/2024\/06\/VisitaCroaciaCTA2-1024x672-1-e1718955266812.jpg","contentUrl":"https:\/\/www.corporaciontecnologica.com\/wp-content\/uploads\/2024\/06\/VisitaCroaciaCTA2-1024x672-1-e1718955266812.jpg","width":1024,"height":604},{"@type":"BreadcrumbList","@id":"https:\/\/www.corporaciontecnologica.com\/en\/noticias\/cta-receives-a-mission-from-public-regional-development-bodies-of-croatia\/#breadcrumb","itemListElement":[{"@type":"ListItem","position":1,"name":"Home","item":"https:\/\/www.corporaciontecnologica.com\/"},{"@type":"ListItem","position":2,"name":"Noticias","item":"https:\/\/www.corporaciontecnologica.com\/noticias\/"},{"@type":"ListItem","position":3,"name":"CTA receives a mission from public regional development organizations in Croatia"}]},{"@type":"WebSite","@id":"https:\/\/www.corporaciontecnologica.com\/#website","url":"https:\/\/www.corporaciontecnologica.com\/","name":"Corporaci\u00f3n Tecnol\u00f3gica de Andaluc\u00eda CTA","description":"","publisher":{"@id":"https:\/\/www.corporaciontecnologica.com\/#organization"},"potentialAction":[{"@type":"SearchAction","target":{"@type":"EntryPoint","urlTemplate":"https:\/\/www.corporaciontecnologica.com\/?s={search_term_string}"},"query-input":{"@type":"PropertyValueSpecification","valueRequired":true,"valueName":"search_term_string"}}],"inLanguage":"en-US"},{"@type":"Organization","@id":"https:\/\/www.corporaciontecnologica.com\/#organization","name":"Corporaci\u00f3n Tecnol\u00f3gica de Andaluc\u00eda CTA","url":"https:\/\/www.corporaciontecnologica.com\/","logo":{"@type":"ImageObject","inLanguage":"en-US","@id":"https:\/\/www.corporaciontecnologica.com\/#\/schema\/logo\/image\/","url":"https:\/\/www.corporaciontecnologica.com\/wp-content\/uploads\/2025\/01\/cropped-350x100TransparenteBlanco.png","contentUrl":"https:\/\/www.corporaciontecnologica.com\/wp-content\/uploads\/2025\/01\/cropped-350x100TransparenteBlanco.png","width":349,"height":99,"caption":"Corporaci\u00f3n Tecnol\u00f3gica de Andaluc\u00eda CTA"},"image":{"@id":"https:\/\/www.corporaciontecnologica.com\/#\/schema\/logo\/image\/"},"sameAs":["https:\/\/www.facebook.com\/CTAndalucia","https:\/\/x.com\/CTAndalucia","https:\/\/www.linkedin.com\/company\/cta-corporaci-n-tecnol-gica-de-andaluc-a-"]}]}},"_links":{"self":[{"href":"https:\/\/www.corporaciontecnologica.com\/en\/wp-json\/wp\/v2\/noticias\/59024","targetHints":{"allow":["GET"]}}],"collection":[{"href":"https:\/\/www.corporaciontecnologica.com\/en\/wp-json\/wp\/v2\/noticias"}],"about":[{"href":"https:\/\/www.corporaciontecnologica.com\/en\/wp-json\/wp\/v2\/types\/noticias"}],"wp:featuredmedia":[{"embeddable":true,"href":"https:\/\/www.corporaciontecnologica.com\/en\/wp-json\/wp\/v2\/media\/59025"}],"wp:attachment":[{"href":"https:\/\/www.corporaciontecnologica.com\/en\/wp-json\/wp\/v2\/media?parent=59024"}],"wp:term":[{"taxonomy":"categorias-noticias","embeddable":true,"href":"https:\/\/www.corporaciontecnologica.com\/en\/wp-json\/wp\/v2\/categorias-noticias?post=59024"}],"curies":[{"name":"wp","href":"https:\/\/api.w.org\/{rel}","templated":true}]}}