{"id":63672,"date":"2025-04-24T11:53:18","date_gmt":"2025-04-24T10:53:18","guid":{"rendered":"https:\/\/www.corporaciontecnologica.com\/noticias\/cta-acerca-la-innovacion-a-los-jovenes-en-la-feria-de-la-ciencia-2025\/"},"modified":"2025-04-24T12:39:13","modified_gmt":"2025-04-24T11:39:13","slug":"cta-about-youth-innovation-at-the-science-fair-2025","status":"publish","type":"noticias","link":"https:\/\/www.corporaciontecnologica.com\/en\/noticias\/cta-about-youth-innovation-at-the-science-fair-2025\/","title":{"rendered":"CTA brings innovation closer to young people at the Science Fair 2025"},"content":{"rendered":"\n<p>CTA has been present at the <a href=\"https:\/\/feriadelaciencia.org\/01_FERIACIENCIA\/\" target=\"_blank\" rel=\"noreferrer noopener\"><strong>Science Fair 2025<\/strong><\/a>,  held on 22, 23 and 24 April at the Palacio de Congresos y Exposiciones (FIBES) in Seville. This meeting, one of the largest science dissemination events at regional level, brought together dozens of educational centres, scientific institutions and innovative entities with the aim of bringing science closer to the public.<\/p>\n\n\n\n<figure class=\"wp-block-image alignleft size-large is-resized\"><img fetchpriority=\"high\" decoding=\"async\" width=\"768\" height=\"1024\" src=\"https:\/\/www.corporaciontecnologica.com\/wp-content\/uploads\/2025\/04\/00.RRSS_-768x1024.jpg\" alt=\"\" class=\"wp-image-63657\" style=\"width:292px;height:auto\" srcset=\"https:\/\/www.corporaciontecnologica.com\/wp-content\/uploads\/2025\/04\/00.RRSS_-768x1024.jpg 768w, https:\/\/www.corporaciontecnologica.com\/wp-content\/uploads\/2025\/04\/00.RRSS_-225x300.jpg 225w, https:\/\/www.corporaciontecnologica.com\/wp-content\/uploads\/2025\/04\/00.RRSS_-1152x1536.jpg 1152w, https:\/\/www.corporaciontecnologica.com\/wp-content\/uploads\/2025\/04\/00.RRSS_-1536x2048.jpg 1536w, https:\/\/www.corporaciontecnologica.com\/wp-content\/uploads\/2025\/04\/00.RRSS_-scaled.jpg 1920w\" sizes=\"(max-width: 768px) 100vw, 768px\" \/><\/figure>\n\n\n\n<p>From an information stand, the CTA team presented the objectives and progress of <strong><a href=\"https:\/\/aerostream.fer.hr\/\" target=\"_blank\" rel=\"noreferrer noopener\">AeroSTREAM<\/a><\/strong>, an initiative funded by Horizon Europe that seeks to strengthen research and innovation in autonomous aerial systems through transnational cooperation between institutions in Croatia, Bosnia and Herzegovina, Spain, the Netherlands and the Czech Republic. The project also has a clear vocation for dissemination, bringing technology closer to new generations and promoting scientific vocations from an early age.<\/p>\n\n\n\n<figure class=\"wp-block-image alignright size-large is-resized\"><img decoding=\"async\" width=\"768\" height=\"1024\" src=\"https:\/\/www.corporaciontecnologica.com\/wp-content\/uploads\/2025\/04\/4ec47680-1123-49f1-aa3e-548addea2422-768x1024.jpg\" alt=\"\" class=\"wp-image-63667\" style=\"width:272px;height:auto\" srcset=\"https:\/\/www.corporaciontecnologica.com\/wp-content\/uploads\/2025\/04\/4ec47680-1123-49f1-aa3e-548addea2422-768x1024.jpg 768w, https:\/\/www.corporaciontecnologica.com\/wp-content\/uploads\/2025\/04\/4ec47680-1123-49f1-aa3e-548addea2422-225x300.jpg 225w, https:\/\/www.corporaciontecnologica.com\/wp-content\/uploads\/2025\/04\/4ec47680-1123-49f1-aa3e-548addea2422-1152x1536.jpg 1152w, https:\/\/www.corporaciontecnologica.com\/wp-content\/uploads\/2025\/04\/4ec47680-1123-49f1-aa3e-548addea2422.jpg 1500w\" sizes=\"(max-width: 768px) 100vw, 768px\" \/><\/figure>\n\n\n\n<p>Together with AeroSTREAM, CTA also gave visibility to two other European projects in which it participates: WELDIFY and ULTFARMS, both with an important educational and social impact component.<\/p>\n\n\n\n<p><strong><a href=\"https:\/\/weldify.eu\/\" target=\"_blank\" rel=\"noreferrer noopener\">WELDIFY<\/a><\/strong> aims to train qualified workers in circular and reused metal welding techniques. At the stand, the collaborating company SURAVIAN offered attendees the chance to assemble aircraft electrical circuits, an activity highly valued by the students as it allowed them to interact with real components and observe original aircraft parts.<\/p>\n\n\n\n<figure class=\"wp-block-image alignleft size-large is-resized\"><img decoding=\"async\" width=\"768\" height=\"1024\" src=\"https:\/\/www.corporaciontecnologica.com\/wp-content\/uploads\/2025\/04\/ccaf52de-0953-48f4-9cca-b72af08161a6-768x1024.jpg\" alt=\"\" class=\"wp-image-63662\" style=\"width:274px;height:auto\" srcset=\"https:\/\/www.corporaciontecnologica.com\/wp-content\/uploads\/2025\/04\/ccaf52de-0953-48f4-9cca-b72af08161a6-768x1024.jpg 768w, https:\/\/www.corporaciontecnologica.com\/wp-content\/uploads\/2025\/04\/ccaf52de-0953-48f4-9cca-b72af08161a6-225x300.jpg 225w, https:\/\/www.corporaciontecnologica.com\/wp-content\/uploads\/2025\/04\/ccaf52de-0953-48f4-9cca-b72af08161a6-1152x1536.jpg 1152w, https:\/\/www.corporaciontecnologica.com\/wp-content\/uploads\/2025\/04\/ccaf52de-0953-48f4-9cca-b72af08161a6-1536x2048.jpg 1536w, https:\/\/www.corporaciontecnologica.com\/wp-content\/uploads\/2025\/04\/ccaf52de-0953-48f4-9cca-b72af08161a6-scaled.jpg 1920w\" sizes=\"(max-width: 768px) 100vw, 768px\" \/><\/figure>\n\n\n\n<p><strong><a href=\"https:\/\/ultfarms.eu\/\" target=\"_blank\" rel=\"noreferrer noopener\">ULTFARMS<\/a><\/strong>, for its part, aims to establish a sustainable production chain for low trophic level species &#8211; such as algae and molluscs &#8211; in offshore wind farms in the North Sea and the Baltic Sea. One of its action lines includes assessing public knowledge on marine aquaculture, with a special focus on perception by age and school audiences.<\/p>\n\n\n\n<p>During the day, promotional materials for the projects were distributed and a space for direct dialogue was created with students, teachers and families, raising awareness of science, technological innovation and the opportunities offered by European R&amp;D.<\/p>\n\n\n\n<figure class=\"wp-block-image alignright size-large is-resized\"><img loading=\"lazy\" decoding=\"async\" width=\"768\" height=\"1024\" src=\"https:\/\/www.corporaciontecnologica.com\/wp-content\/uploads\/2025\/04\/b8e188eb-37d6-4ece-8816-e5290c6c18ae-768x1024.jpg\" alt=\"\" class=\"wp-image-63665\" style=\"width:209px;height:auto\" srcset=\"https:\/\/www.corporaciontecnologica.com\/wp-content\/uploads\/2025\/04\/b8e188eb-37d6-4ece-8816-e5290c6c18ae-768x1024.jpg 768w, https:\/\/www.corporaciontecnologica.com\/wp-content\/uploads\/2025\/04\/b8e188eb-37d6-4ece-8816-e5290c6c18ae-225x300.jpg 225w, https:\/\/www.corporaciontecnologica.com\/wp-content\/uploads\/2025\/04\/b8e188eb-37d6-4ece-8816-e5290c6c18ae-1152x1536.jpg 1152w, https:\/\/www.corporaciontecnologica.com\/wp-content\/uploads\/2025\/04\/b8e188eb-37d6-4ece-8816-e5290c6c18ae.jpg 1500w\" sizes=\"(max-width: 768px) 100vw, 768px\" \/><\/figure>\n\n\n\n<p>The CTA team was represented by Silvia de los Santos, technical manager of the aerospace sector and production processes; Marina Barquero, Innovation consultant; and Marta Gonz\u00e1lez, Communication technician. The aim of their participation was to convey to the general public the value of the European projects in which CTA collaborates and to promote interest in science and technology and show how innovation has a tangible impact on everyday life.<\/p>\n\n\n\n<figure class=\"wp-block-image alignleft size-large is-resized\"><img loading=\"lazy\" decoding=\"async\" width=\"1024\" height=\"768\" src=\"https:\/\/www.corporaciontecnologica.com\/wp-content\/uploads\/2025\/04\/e0b20b75-6630-498e-976a-1d2902db73fb-1024x768.jpg\" alt=\"\" class=\"wp-image-63669\" style=\"width:311px;height:auto\" srcset=\"https:\/\/www.corporaciontecnologica.com\/wp-content\/uploads\/2025\/04\/e0b20b75-6630-498e-976a-1d2902db73fb-1024x768.jpg 1024w, https:\/\/www.corporaciontecnologica.com\/wp-content\/uploads\/2025\/04\/e0b20b75-6630-498e-976a-1d2902db73fb-300x225.jpg 300w, https:\/\/www.corporaciontecnologica.com\/wp-content\/uploads\/2025\/04\/e0b20b75-6630-498e-976a-1d2902db73fb-768x576.jpg 768w, https:\/\/www.corporaciontecnologica.com\/wp-content\/uploads\/2025\/04\/e0b20b75-6630-498e-976a-1d2902db73fb-1536x1152.jpg 1536w, https:\/\/www.corporaciontecnologica.com\/wp-content\/uploads\/2025\/04\/e0b20b75-6630-498e-976a-1d2902db73fb.jpg 2000w\" sizes=\"(max-width: 1024px) 100vw, 1024px\" \/><\/figure>\n\n\n\n<p>The Science Fair, promoted by the <strong><a href=\"https:\/\/cienciacompartida.org\/\" target=\"_blank\" rel=\"noreferrer noopener\">Andalusian Society for the Dissemination of Science (SADC)<\/a>,<\/strong> is an educational and informative event of reference. It is a meeting point for citizens, researchers, universities, companies, educational centres and museums, with an international vocation and the participation of Latin American entities. Its aim is to promote scientific knowledge, encourage critical thinking and stimulate scientific vocations in young people.<\/p>\n\n\n\n<p><\/p>\n","protected":false},"featured_media":63654,"template":"","categorias-noticias":[313,309],"class_list":["post-63672","noticias","type-noticias","status-publish","has-post-thumbnail","hentry","categorias-noticias-cta-proyectos-en","categorias-noticias-noticias-en"],"yoast_head":"<!-- This site is optimized with the Yoast SEO Premium plugin v27.4 (Yoast SEO v27.4) - https:\/\/yoast.com\/product\/yoast-seo-premium-wordpress\/ -->\n<title>CTA brings innovation closer to young people at the Science Fair 2025 - Corporaci\u00f3n Tecnol\u00f3gica de Andaluc\u00eda CTA<\/title>\n<meta name=\"description\" content=\"CTA participates in the Science Fair 2025 presenting the European projects AeroSTREAM, WELDIFY and ULTFARMS, bringing innovation and technology closer to young people and citizens in an informative environment.\" \/>\n<meta name=\"robots\" content=\"index, follow, max-snippet:-1, max-image-preview:large, max-video-preview:-1\" \/>\n<link rel=\"canonical\" href=\"https:\/\/www.corporaciontecnologica.com\/en\/noticias\/cta-about-youth-innovation-at-the-science-fair-2025\/\" \/>\n<meta property=\"og:locale\" content=\"en_US\" \/>\n<meta property=\"og:type\" content=\"article\" \/>\n<meta property=\"og:title\" content=\"CTA brings innovation closer to young people at the Science Fair 2025\" \/>\n<meta property=\"og:description\" content=\"CTA participates in the Science Fair 2025 presenting the European projects AeroSTREAM, WELDIFY and ULTFARMS, bringing innovation and technology closer to young people and citizens in an informative environment.\" \/>\n<meta property=\"og:url\" content=\"https:\/\/www.corporaciontecnologica.com\/en\/noticias\/cta-about-youth-innovation-at-the-science-fair-2025\/\" \/>\n<meta property=\"og:site_name\" content=\"Corporaci\u00f3n Tecnol\u00f3gica de Andaluc\u00eda CTA\" \/>\n<meta property=\"article:publisher\" content=\"https:\/\/www.facebook.com\/CTAndalucia\" \/>\n<meta property=\"article:modified_time\" content=\"2025-04-24T11:39:13+00:00\" \/>\n<meta property=\"og:image\" content=\"https:\/\/www.corporaciontecnologica.com\/wp-content\/uploads\/2025\/04\/00.-Stand.jpg\" \/>\n\t<meta property=\"og:image:width\" content=\"2000\" \/>\n\t<meta property=\"og:image:height\" content=\"1500\" \/>\n\t<meta property=\"og:image:type\" content=\"image\/jpeg\" \/>\n<meta name=\"twitter:card\" content=\"summary_large_image\" \/>\n<meta name=\"twitter:site\" content=\"@CTAndalucia\" \/>\n<meta name=\"twitter:label1\" content=\"Est. reading time\" \/>\n\t<meta name=\"twitter:data1\" content=\"4 minutes\" \/>\n<script type=\"application\/ld+json\" class=\"yoast-schema-graph\">{\"@context\":\"https:\\\/\\\/schema.org\",\"@graph\":[{\"@type\":\"WebPage\",\"@id\":\"https:\\\/\\\/www.corporaciontecnologica.com\\\/en\\\/noticias\\\/cta-about-youth-innovation-at-the-science-fair-2025\\\/\",\"url\":\"https:\\\/\\\/www.corporaciontecnologica.com\\\/en\\\/noticias\\\/cta-about-youth-innovation-at-the-science-fair-2025\\\/\",\"name\":\"CTA brings innovation closer to young people at the Science Fair 2025 - Corporaci\u00f3n Tecnol\u00f3gica de Andaluc\u00eda CTA\",\"isPartOf\":{\"@id\":\"https:\\\/\\\/www.corporaciontecnologica.com\\\/#website\"},\"primaryImageOfPage\":{\"@id\":\"https:\\\/\\\/www.corporaciontecnologica.com\\\/en\\\/noticias\\\/cta-about-youth-innovation-at-the-science-fair-2025\\\/#primaryimage\"},\"image\":{\"@id\":\"https:\\\/\\\/www.corporaciontecnologica.com\\\/en\\\/noticias\\\/cta-about-youth-innovation-at-the-science-fair-2025\\\/#primaryimage\"},\"thumbnailUrl\":\"https:\\\/\\\/www.corporaciontecnologica.com\\\/wp-content\\\/uploads\\\/2025\\\/04\\\/00.-Stand.jpg\",\"datePublished\":\"2025-04-24T10:53:18+00:00\",\"dateModified\":\"2025-04-24T11:39:13+00:00\",\"description\":\"CTA participates in the Science Fair 2025 presenting the European projects AeroSTREAM, WELDIFY and ULTFARMS, bringing innovation and technology closer to young people and citizens in an informative environment.\",\"breadcrumb\":{\"@id\":\"https:\\\/\\\/www.corporaciontecnologica.com\\\/en\\\/noticias\\\/cta-about-youth-innovation-at-the-science-fair-2025\\\/#breadcrumb\"},\"inLanguage\":\"en-US\",\"potentialAction\":[{\"@type\":\"ReadAction\",\"target\":[\"https:\\\/\\\/www.corporaciontecnologica.com\\\/en\\\/noticias\\\/cta-about-youth-innovation-at-the-science-fair-2025\\\/\"]}]},{\"@type\":\"ImageObject\",\"inLanguage\":\"en-US\",\"@id\":\"https:\\\/\\\/www.corporaciontecnologica.com\\\/en\\\/noticias\\\/cta-about-youth-innovation-at-the-science-fair-2025\\\/#primaryimage\",\"url\":\"https:\\\/\\\/www.corporaciontecnologica.com\\\/wp-content\\\/uploads\\\/2025\\\/04\\\/00.-Stand.jpg\",\"contentUrl\":\"https:\\\/\\\/www.corporaciontecnologica.com\\\/wp-content\\\/uploads\\\/2025\\\/04\\\/00.-Stand.jpg\",\"width\":2000,\"height\":1500},{\"@type\":\"BreadcrumbList\",\"@id\":\"https:\\\/\\\/www.corporaciontecnologica.com\\\/en\\\/noticias\\\/cta-about-youth-innovation-at-the-science-fair-2025\\\/#breadcrumb\",\"itemListElement\":[{\"@type\":\"ListItem\",\"position\":1,\"name\":\"Home\",\"item\":\"https:\\\/\\\/www.corporaciontecnologica.com\\\/\"},{\"@type\":\"ListItem\",\"position\":2,\"name\":\"Noticias\",\"item\":\"https:\\\/\\\/www.corporaciontecnologica.com\\\/noticias\\\/\"},{\"@type\":\"ListItem\",\"position\":3,\"name\":\"CTA brings innovation closer to young people at the Science Fair 2025\"}]},{\"@type\":\"WebSite\",\"@id\":\"https:\\\/\\\/www.corporaciontecnologica.com\\\/#website\",\"url\":\"https:\\\/\\\/www.corporaciontecnologica.com\\\/\",\"name\":\"Corporaci\u00f3n Tecnol\u00f3gica de Andaluc\u00eda CTA\",\"description\":\"\",\"publisher\":{\"@id\":\"https:\\\/\\\/www.corporaciontecnologica.com\\\/#organization\"},\"potentialAction\":[{\"@type\":\"SearchAction\",\"target\":{\"@type\":\"EntryPoint\",\"urlTemplate\":\"https:\\\/\\\/www.corporaciontecnologica.com\\\/?s={search_term_string}\"},\"query-input\":{\"@type\":\"PropertyValueSpecification\",\"valueRequired\":true,\"valueName\":\"search_term_string\"}}],\"inLanguage\":\"en-US\"},{\"@type\":\"Organization\",\"@id\":\"https:\\\/\\\/www.corporaciontecnologica.com\\\/#organization\",\"name\":\"Corporaci\u00f3n Tecnol\u00f3gica de Andaluc\u00eda CTA\",\"url\":\"https:\\\/\\\/www.corporaciontecnologica.com\\\/\",\"logo\":{\"@type\":\"ImageObject\",\"inLanguage\":\"en-US\",\"@id\":\"https:\\\/\\\/www.corporaciontecnologica.com\\\/#\\\/schema\\\/logo\\\/image\\\/\",\"url\":\"https:\\\/\\\/www.corporaciontecnologica.com\\\/wp-content\\\/uploads\\\/2025\\\/01\\\/cropped-350x100TransparenteBlanco.png\",\"contentUrl\":\"https:\\\/\\\/www.corporaciontecnologica.com\\\/wp-content\\\/uploads\\\/2025\\\/01\\\/cropped-350x100TransparenteBlanco.png\",\"width\":349,\"height\":99,\"caption\":\"Corporaci\u00f3n Tecnol\u00f3gica de Andaluc\u00eda CTA\"},\"image\":{\"@id\":\"https:\\\/\\\/www.corporaciontecnologica.com\\\/#\\\/schema\\\/logo\\\/image\\\/\"},\"sameAs\":[\"https:\\\/\\\/www.facebook.com\\\/CTAndalucia\",\"https:\\\/\\\/x.com\\\/CTAndalucia\",\"https:\\\/\\\/www.linkedin.com\\\/company\\\/cta-corporaci-n-tecnol-gica-de-andaluc-a-\"]}]}<\/script>\n<!-- \/ Yoast SEO Premium plugin. -->","yoast_head_json":{"title":"CTA brings innovation closer to young people at the Science Fair 2025 - Corporaci\u00f3n Tecnol\u00f3gica de Andaluc\u00eda CTA","description":"CTA participates in the Science Fair 2025 presenting the European projects AeroSTREAM, WELDIFY and ULTFARMS, bringing innovation and technology closer to young people and citizens in an informative environment.","robots":{"index":"index","follow":"follow","max-snippet":"max-snippet:-1","max-image-preview":"max-image-preview:large","max-video-preview":"max-video-preview:-1"},"canonical":"https:\/\/www.corporaciontecnologica.com\/en\/noticias\/cta-about-youth-innovation-at-the-science-fair-2025\/","og_locale":"en_US","og_type":"article","og_title":"CTA brings innovation closer to young people at the Science Fair 2025","og_description":"CTA participates in the Science Fair 2025 presenting the European projects AeroSTREAM, WELDIFY and ULTFARMS, bringing innovation and technology closer to young people and citizens in an informative environment.","og_url":"https:\/\/www.corporaciontecnologica.com\/en\/noticias\/cta-about-youth-innovation-at-the-science-fair-2025\/","og_site_name":"Corporaci\u00f3n Tecnol\u00f3gica de Andaluc\u00eda CTA","article_publisher":"https:\/\/www.facebook.com\/CTAndalucia","article_modified_time":"2025-04-24T11:39:13+00:00","og_image":[{"width":2000,"height":1500,"url":"https:\/\/www.corporaciontecnologica.com\/wp-content\/uploads\/2025\/04\/00.-Stand.jpg","type":"image\/jpeg"}],"twitter_card":"summary_large_image","twitter_site":"@CTAndalucia","twitter_misc":{"Est. reading time":"4 minutes"},"schema":{"@context":"https:\/\/schema.org","@graph":[{"@type":"WebPage","@id":"https:\/\/www.corporaciontecnologica.com\/en\/noticias\/cta-about-youth-innovation-at-the-science-fair-2025\/","url":"https:\/\/www.corporaciontecnologica.com\/en\/noticias\/cta-about-youth-innovation-at-the-science-fair-2025\/","name":"CTA brings innovation closer to young people at the Science Fair 2025 - Corporaci\u00f3n Tecnol\u00f3gica de Andaluc\u00eda CTA","isPartOf":{"@id":"https:\/\/www.corporaciontecnologica.com\/#website"},"primaryImageOfPage":{"@id":"https:\/\/www.corporaciontecnologica.com\/en\/noticias\/cta-about-youth-innovation-at-the-science-fair-2025\/#primaryimage"},"image":{"@id":"https:\/\/www.corporaciontecnologica.com\/en\/noticias\/cta-about-youth-innovation-at-the-science-fair-2025\/#primaryimage"},"thumbnailUrl":"https:\/\/www.corporaciontecnologica.com\/wp-content\/uploads\/2025\/04\/00.-Stand.jpg","datePublished":"2025-04-24T10:53:18+00:00","dateModified":"2025-04-24T11:39:13+00:00","description":"CTA participates in the Science Fair 2025 presenting the European projects AeroSTREAM, WELDIFY and ULTFARMS, bringing innovation and technology closer to young people and citizens in an informative environment.","breadcrumb":{"@id":"https:\/\/www.corporaciontecnologica.com\/en\/noticias\/cta-about-youth-innovation-at-the-science-fair-2025\/#breadcrumb"},"inLanguage":"en-US","potentialAction":[{"@type":"ReadAction","target":["https:\/\/www.corporaciontecnologica.com\/en\/noticias\/cta-about-youth-innovation-at-the-science-fair-2025\/"]}]},{"@type":"ImageObject","inLanguage":"en-US","@id":"https:\/\/www.corporaciontecnologica.com\/en\/noticias\/cta-about-youth-innovation-at-the-science-fair-2025\/#primaryimage","url":"https:\/\/www.corporaciontecnologica.com\/wp-content\/uploads\/2025\/04\/00.-Stand.jpg","contentUrl":"https:\/\/www.corporaciontecnologica.com\/wp-content\/uploads\/2025\/04\/00.-Stand.jpg","width":2000,"height":1500},{"@type":"BreadcrumbList","@id":"https:\/\/www.corporaciontecnologica.com\/en\/noticias\/cta-about-youth-innovation-at-the-science-fair-2025\/#breadcrumb","itemListElement":[{"@type":"ListItem","position":1,"name":"Home","item":"https:\/\/www.corporaciontecnologica.com\/"},{"@type":"ListItem","position":2,"name":"Noticias","item":"https:\/\/www.corporaciontecnologica.com\/noticias\/"},{"@type":"ListItem","position":3,"name":"CTA brings innovation closer to young people at the Science Fair 2025"}]},{"@type":"WebSite","@id":"https:\/\/www.corporaciontecnologica.com\/#website","url":"https:\/\/www.corporaciontecnologica.com\/","name":"Corporaci\u00f3n Tecnol\u00f3gica de Andaluc\u00eda CTA","description":"","publisher":{"@id":"https:\/\/www.corporaciontecnologica.com\/#organization"},"potentialAction":[{"@type":"SearchAction","target":{"@type":"EntryPoint","urlTemplate":"https:\/\/www.corporaciontecnologica.com\/?s={search_term_string}"},"query-input":{"@type":"PropertyValueSpecification","valueRequired":true,"valueName":"search_term_string"}}],"inLanguage":"en-US"},{"@type":"Organization","@id":"https:\/\/www.corporaciontecnologica.com\/#organization","name":"Corporaci\u00f3n Tecnol\u00f3gica de Andaluc\u00eda CTA","url":"https:\/\/www.corporaciontecnologica.com\/","logo":{"@type":"ImageObject","inLanguage":"en-US","@id":"https:\/\/www.corporaciontecnologica.com\/#\/schema\/logo\/image\/","url":"https:\/\/www.corporaciontecnologica.com\/wp-content\/uploads\/2025\/01\/cropped-350x100TransparenteBlanco.png","contentUrl":"https:\/\/www.corporaciontecnologica.com\/wp-content\/uploads\/2025\/01\/cropped-350x100TransparenteBlanco.png","width":349,"height":99,"caption":"Corporaci\u00f3n Tecnol\u00f3gica de Andaluc\u00eda CTA"},"image":{"@id":"https:\/\/www.corporaciontecnologica.com\/#\/schema\/logo\/image\/"},"sameAs":["https:\/\/www.facebook.com\/CTAndalucia","https:\/\/x.com\/CTAndalucia","https:\/\/www.linkedin.com\/company\/cta-corporaci-n-tecnol-gica-de-andaluc-a-"]}]}},"_links":{"self":[{"href":"https:\/\/www.corporaciontecnologica.com\/en\/wp-json\/wp\/v2\/noticias\/63672","targetHints":{"allow":["GET"]}}],"collection":[{"href":"https:\/\/www.corporaciontecnologica.com\/en\/wp-json\/wp\/v2\/noticias"}],"about":[{"href":"https:\/\/www.corporaciontecnologica.com\/en\/wp-json\/wp\/v2\/types\/noticias"}],"wp:featuredmedia":[{"embeddable":true,"href":"https:\/\/www.corporaciontecnologica.com\/en\/wp-json\/wp\/v2\/media\/63654"}],"wp:attachment":[{"href":"https:\/\/www.corporaciontecnologica.com\/en\/wp-json\/wp\/v2\/media?parent=63672"}],"wp:term":[{"taxonomy":"categorias-noticias","embeddable":true,"href":"https:\/\/www.corporaciontecnologica.com\/en\/wp-json\/wp\/v2\/categorias-noticias?post=63672"}],"curies":[{"name":"wp","href":"https:\/\/api.w.org\/{rel}","templated":true}]}}