{"id":13493,"date":"2017-11-08T16:29:32","date_gmt":"2017-11-08T16:29:32","guid":{"rendered":"https:\/\/dev-cta.corporaciontecnologica.com\/?p=13493"},"modified":"2024-04-02T16:50:08","modified_gmt":"2024-04-02T15:50:08","slug":"que-pasara-en-los-ultimos-3-anos-de-h2020","status":"publish","type":"post","link":"https:\/\/www.corporaciontecnologica.com\/en\/que-pasara-en-los-ultimos-3-anos-de-h2020\/","title":{"rendered":"\u00bfQu\u00e9 pasar\u00e1 en los \u00faltimos 3 a\u00f1os de H2020?"},"content":{"rendered":"<div><strong>La Comisi\u00f3n Europea ha presentado a finales de octubre el programa de trabajo 2018-2020 para Horizonte 2020, que supone una inversi\u00f3n de unos 30.000 millones de euros en investigaci\u00f3n e innovaci\u00f3n en los pr\u00f3ximos 3 a\u00f1os.<\/strong><\/div>\n<h5><\/h5>\n<div><strong>Plantea grandes oportunidades a empresas e investigadores, pero tambi\u00e9n grandes retos. Es importante conocer bien las claves del \u00faltimo periodo del mayor programa de financiaci\u00f3n de investigaci\u00f3n e innovaci\u00f3n de la UE. Aqu\u00ed, te\u00a0resumimos las principales novedades a partir de la <a title=\"web de la Comisi\u00f3n Europea\" href=\"http:\/\/europa.eu\/rapid\/press-release_MEMO-17-4123_en.htm\" target=\"_blank\" rel=\"noopener\">informaci\u00f3n difundida por la CE<\/a>.<\/strong><\/div>\n<h5><\/h5>\n<div><strong>Todas las oportunidades de financiaci\u00f3n y la informaci\u00f3n necesaria est\u00e1n disponibles en <a title=\"portal del participante\" href=\"http:\/\/ec.europa.eu\/research\/participants\/portal\/desktop\/en\/home.html\" target=\"_blank\" rel=\"noopener\">el portal del participante.<\/a> El documento completo del <a title=\"H2020 Work Programme 2018-2020\" href=\"http:\/\/ec.europa.eu\/research\/participants\/data\/ref\/h2020\/wp\/2018-2020\/main\/h2020-wp1820-intro_en.pdf\" target=\"_blank\" rel=\"noopener\">programa de trabajo 2018-2020 puedes consultarlo aqu\u00ed<\/a>.<\/strong><\/div>\n<h3>\u00bfQu\u00e9 caracteriza el nuevo programa de trabajo 2018-2020?<\/h3>\n<div>\n<p>Las <strong>principales caracter\u00edsticas<\/strong> del nuevo programa son:<\/p>\n<ul>\n<li>Mayor orientaci\u00f3n a impulsar la <strong>innovaci\u00f3n puntera creadora de mercados<\/strong> (puesta en marcha de la primera fase de un nuevo Consejo Europeo de la Innovaci\u00f3n).<\/li>\n<li>Enfoque en <strong>menos temas, pero esenciales<\/strong>, para lograr mayor repercusi\u00f3n.<\/li>\n<li>M\u00e1s \u00e9nfasis en una <strong>mejor \u2018diseminaci\u00f3n\u2019 (difusi\u00f3n)<\/strong> de los resultados.<\/li>\n<li>Refuerzo del <strong>acceso abierto a la informaci\u00f3n<\/strong> (Ciencia Abierta, intercambio de conocimientos).<\/li>\n<li>Medidas para aumentar la<strong> simplificaci\u00f3n<\/strong> (por ejemplo, con la creaci\u00f3n de proyectos piloto con una nueva f\u00f3rmula de financiaci\u00f3n denominada \u201ca tanto alzado\u201d (<em>lump-sum<\/em>)\u00a0o con una cuant\u00eda prefijada y menor dificultad de justificaci\u00f3n). El objetivo de esta medida es ampliar la participaci\u00f3n de los pa\u00edses con menos rendimiento y reducir los desajustes de capacidades\u00a0.<\/li>\n<\/ul>\n<p>El nuevo programa se centra en 3 claves:<\/p>\n<ol>\n<li style=\"text-align: justify;\">Crear un<strong> mercado de innovaci\u00f3n<\/strong><\/li>\n<li style=\"text-align: justify;\">Orientar la investigaci\u00f3n e innovaci\u00f3n financiada a atender las <strong>prioridades pol\u00edticas de la Comisi\u00f3n Europea<\/strong> (se establecen cuatro grandes \u00e1reas tem\u00e1ticas): un futuro resiliente al clima y bajo en carbono; econom\u00eda circular; digitalizar y transformar la industria y los servicios europeos; y la seguridad de la UE. A ellas, se suma tambi\u00e9n, como \u00e1rea importante, la migraci\u00f3n<\/li>\n<li style=\"text-align: justify;\">Refuerzo de la<strong> cooperaci\u00f3n internacional en I+D<\/strong> para mantener el liderazgo europeo<\/li>\n<\/ol>\n<p>Te explicamos algunos detalles de cada una de ellas a continuaci\u00f3n:<\/p>\n<\/div>\n<h3>1. Crear un mercado de innovaci\u00f3n<\/h3>\n<div>\n<p style=\"text-align: justify;\">El programa de trabajo 2018-2020 introduce medidas para apoyar la creaci\u00f3n de mercado de innovaci\u00f3n, sobre todo a trav\u00e9s de una primera fase del <strong>Consejo Europeo de Innovaci\u00f3n (<em>European Innovation Council<\/em>, EIC)<\/strong>\u00a0, que estar\u00e1 abierto a innovaciones en cualquier tecnolog\u00eda o sector.<\/p>\n<p style=\"text-align: justify;\">La primera fase del EIC ayudar\u00e1 a empresas y empresarios innovadores a ampliar sus negocios r\u00e1pidamente a nivel europeo y mundial y, al mismo tiempo, estar\u00e1 enfocado a ayudar a Europa a capturar ideas innovadoras con potencial para crear nuevos mercados y fortalecer su base industrial.\u00a0Con un presupuesto de 2.700 millones de euros, el EIC reunir\u00e1 instrumentos existentes, como el <strong>Instrumento PYME<\/strong> (<em>SME Instrument<\/em>), los premios de incentivo\u00a0, FET-Open y <em>Fast Track to Innovation<\/em>.<\/p>\n<p style=\"text-align: justify;\">Puedes leer <a title=\"novedades Instrumento Pyme\" href=\"\/sites\/cta\/.content\/sgnoticia\/noticia_000235.html\" target=\"_blank\" rel=\"noopener\">novedades espec\u00edficas en el programa Instrumento Pyme tambi\u00e9n en nuestra web (pincha aqu\u00ed). <\/a>Un mayor presupuesto, la desaparici\u00f3n de las limitaciones por <em>topics<\/em>, un mayor peso del impacto en la evaluaci\u00f3n o una entrevista personal del equipo del proyecto en Bruselas son algunas de estas novedades.<\/p>\n<\/div>\n<h3>2. Prioridades pol\u00edticas de la Comisi\u00f3n Europea<\/h3>\n<div>\n<p style=\"text-align: justify;\">Este programa de trabajo tiene como objetivo orientar mejor la investigaci\u00f3n e innovaci\u00f3n financiada a atender las prioridades pol\u00edticas de la Comisi\u00f3n Europea mediante la definici\u00f3n de acciones \u00a0espec\u00edficas de investigaci\u00f3n e innovaci\u00f3n que puedan tener un impacto significativo. \u00a0Para ello, aunque atiende <a title=\"web de la CE, prioridades pol\u00edticas\" href=\"https:\/\/ec.europa.eu\/commission\/priorities_es\" target=\"_blank\" rel=\"noopener\">las diez prioridades pol\u00edticas de la CE para 2015-2019<\/a>, establece <strong>cuatro \u00e1reas de enfoque o grandes temas<\/strong>. Estas \u00e1reas de enfoque son <em>calls<\/em> o convocatorias \u2018virtuales\u2019, que abarcan varias partes del Programa de Trabajo y que est\u00e1n dotadas de un presupuesto sustancial. Se espera que creen un impacto excepcional y den respuesta a los grandes desaf\u00edos.<\/p>\n<ul style=\"text-align: justify;\">\n<li><strong>Construir un futuro bajo en carbono y resistente al clima<\/strong> <strong>(3.300 millones de euros)<\/strong> &#8211; Alinear\u00e1 las inversiones en I+D con los objetivos de cambio clim\u00e1tico de los Acuerdos clim\u00e1ticos de Par\u00eds as\u00ed como con los Objetivos de Desarrollo Sostenible (ODS) de las Naciones Unidas. Apoyar\u00e1 el desarrollo de soluciones para lograr la neutralidad de carbono y la resiliencia clim\u00e1tica en la segunda mitad del siglo XXI.\u00a0Se invertir\u00e1n m\u00e1s de\u00a02.000 millones de euros\u00a0en cuatro prioridades estrat\u00e9gicas para la aceleraci\u00f3n de la innovaci\u00f3n en energ\u00eda limpia: energ\u00edas renovables, eficiencia energ\u00e9tica en edificios, electro-movilidad y soluciones de almacenamiento de energ\u00eda. Las soluciones de almacenamiento de energ\u00eda tendr\u00e1n especial importancia en la pr\u00f3xima generaci\u00f3n de bater\u00edas (presupuesto de \u20ac200 millones), que jugar\u00e1n un papel esencial en la transformaci\u00f3n de nuestra sociedad hacia una menor dependencia de los combustibles f\u00f3siles y una reducci\u00f3n radical de las emisiones.<\/li>\n<li><strong>Econom\u00eda circular, la conexi\u00f3n de los beneficios econ\u00f3micos y medioambientales (941 millones de euros) &#8211; <\/strong>Apoyar\u00e1 el ambicioso paquete de econom\u00eda circular de la CE: desarrollo sostenible, acci\u00f3n clim\u00e1tica, eficiencia de los recursos, empleo y crecimiento y competitividad industrial.<\/li>\n<li><strong>Digitalizar y transformar la industria y los servicios europeos<\/strong> <strong>(1.700 millones de euros)<\/strong>&#8211; Abordar\u00e1 la combinaci\u00f3n de tecnolog\u00edas digitales (5G, computaci\u00f3n de alto rendimiento\u00a0, inteligencia artificial, rob\u00f3tica, big data, Internet de las cosas, etc.) con innovaciones en otras \u00e1reas tecnol\u00f3gicas, como se destaca en la estrategia del Mercado \u00danico Digital. Este campo ofrece grandes oportunidades para aumentar la competitividad industrial, crear crecimiento y empleo y abordar desaf\u00edos sociales tales como tratamientos m\u00e9dicos personalizados, movilidad m\u00e1s segura y eficiente, seguridad alimentaria y uso sostenible de los recursos naturales, energ\u00eda m\u00e1s limpia y seguridad. Tambi\u00e9n se har\u00e1 especial hincapi\u00e9 en la ciberseguridad y en abordar el impacto social de la transformaci\u00f3n digital.<\/li>\n<li><strong>Impulsar la eficacia de la Uni\u00f3n de Seguridad<\/strong> <strong>(mil millones de euros)<\/strong> &#8211; Apoyar\u00e1 la implementaci\u00f3n de las prioridades de la Uni\u00f3n de Seguridad, como prevenir y combatir delitos graves, incluido el terrorismo, mejorar la seguridad fronteriza y proteger la infraestructura contra amenazas, incluidos los ciberataques. La investigaci\u00f3n sobre amenazas a la seguridad, en particular el terrorismo, la ciberdelincuencia, los desastres naturales y provocados por el hombre y las amenazas h\u00edbridas suponen una respuesta innovadora, efectiva y coordinada de la UE para mitigar los riesgos y su impacto potencial en la sociedad europea. Horizonte 2020 representa el 50% de la financiaci\u00f3n p\u00fablica total para la investigaci\u00f3n de seguridad en la UE.<\/li>\n<li><strong>La migraci\u00f3n &#8211; <\/strong>Recibir\u00e1 tambi\u00e9n un apoyo espec\u00edfico a trav\u00e9s de este Programa de trabajo, aunque no se define como un \u00e1rea de enfoque (la contribuci\u00f3n financiera proviene de una sola parte del Programa de Trabajo). M\u00e1s de 200 millones de euros apoyar\u00e1n la investigaci\u00f3n sobre cuestiones como las causas de la migraci\u00f3n irregular, la gesti\u00f3n de la migraci\u00f3n y la integraci\u00f3n de los migrantes en las sociedades de acogida. Los resultados se incorporar\u00e1n a la implementaci\u00f3n de la Agenda Europea de Migraci\u00f3n.<\/li>\n<\/ul>\n<\/div>\n<h3>3. Refuerzo de la cooperaci\u00f3n internacional en I+D para mantener el liderazgo europeo (+ de 1.000M\u20ac)<\/h3>\n<div>\n<p style=\"text-align: justify;\">La Comisi\u00f3n considera que la cooperaci\u00f3n es necesaria para garantizar el liderazgo cient\u00edfico y la competitividad industrial de la UE. Al colaborar a escala internacional, la UE puede cumplir mejor los compromisos globales en l\u00ednea con sus pol\u00edticas externas.<\/p>\n<p style=\"text-align: justify;\">El nuevo Programa de trabajo incluye alrededor de 30 iniciativas emblem\u00e1ticas sobre temas dedicados a la cooperaci\u00f3n internacional en \u00e1reas de beneficio mutuo, que comprenden un presupuesto total de m\u00e1s de mil millones de euros.<\/p>\n<p style=\"text-align: justify;\">Algunas de las l\u00edneas de cooperaci\u00f3n internacional son con Canad\u00e1, en materia de medicina personalizada; con \u00c1frica, en alimentaci\u00f3n, seguridad nutricional y agricultura; con India, en desaf\u00edos del agua; con Rusia, en infraestructura de investigaci\u00f3n y con EEUU, Jap\u00f3n, Corea del Sur, Singapur y Australia, en automatizaci\u00f3n del transporte por carretera, entre otros.<\/p>\n<\/div>\n<h3>Novedades a tener en cuenta<\/h3>\n<div>\n<ul>\n<li style=\"text-align: justify;\"><strong>\u00a0<\/strong><strong>Prueba piloto de proyectos a tanto alzado (lump-sum).<\/strong> Es una nueva f\u00f3rmula de financiaci\u00f3n de proyectos con una cuant\u00eda prefijada y constituye un nuevo enfoque para el reembolso de costes de un sistema basado en el control a uno y en la confianza. Junto con un mayor n\u00famero de convocatorias en dos etapas, esta medida reducir\u00e1 la carga administrativa y simplificar\u00e1 el programa para sus usuarios.<\/li>\n<li style=\"text-align: justify;\"><strong>Prueba piloto de becas \u2018Widening\u2019<\/strong>, dirigida a los pa\u00edses clasificados como \u2018widening countries\u2019 (por debajo del 70% de la media de la UE en el indicador de excelencia en investigaci\u00f3n) o a colaborar con ellos. Es una nueva herramienta para reducir la &#8220;brecha de innovaci\u00f3n&#8221; en Europa y a impulsar m\u00e1s puntos de excelencia en el mapa europeo de investigaci\u00f3n e innovaci\u00f3n. A trav\u00e9s de parte del Programa de Difusi\u00f3n de la Excelencia y Ampliaci\u00f3n de la Participaci\u00f3n, ahora se ofrecer\u00e1 apoyo espec\u00edfico a los investigadores para aprovechar una beca Marie Sk\u0142odowska-Curie en un pa\u00eds que podr\u00eda obtener mejores resultados en t\u00e9rminos de participaci\u00f3n en Horizonte 2020.<\/li>\n<li style=\"text-align: justify;\"><strong>Prueba piloto de innovaci\u00f3n disruptiva<\/strong>, que ofrecer\u00e1 apoyo para dar el paso definitivo al mercado a tecnolog\u00edas de energ\u00eda limpia excepcionalmente prometedoras y de alto impacto. La primera serie de proyectos tendr\u00e1 como objetivo resolver dos desaf\u00edos espec\u00edficos en energ\u00edas renovables: las<\/li>\n<li style=\"text-align: justify;\"><strong>Prueba piloto TIC a trav\u00e9s del mecanismo Erasmus+ <\/strong>abordar\u00e1 los desajustes de habilidades, incluida la escasez de especialistas en tecnolog\u00edas de la informaci\u00f3n y la comunicaci\u00f3n (TIC), que han surgido como resultado de la transformaci\u00f3n digital acelerada. Apoyar\u00e1 el aprendizaje laboral para estudiantes de educaci\u00f3n superior y graduados recientes y se implementar\u00e1 a trav\u00e9s de los mecanismos de Erasmus+. A partir de junio de 2018, los beneficiarios realizar\u00e1n pasant\u00edas en el dominio digital de hasta cinco meses.<\/li>\n<li style=\"text-align: justify;\">La <strong>nueva tasa de financiaci\u00f3n del 50% para algunas acciones de innovaci\u00f3n<\/strong> con alto nivel de disponibilidad de alta tecnolog\u00eda tiene como objetivo permitir que se financien proyectos de demostraci\u00f3n m\u00e1s grandes y de alto coste, y para aprovechar el compromiso de la industria. Reemplazando la tasa de financiaci\u00f3n est\u00e1ndar del 70% para las acciones de innovaci\u00f3n, esta tasa de financiaci\u00f3n del 50% se aplica como piloto en un n\u00famero limitado de temas en la parte del programa que cubre nanotecnolog\u00edas, materiales avanzados, fabricaci\u00f3n y procesamiento avanzados y biotecnolog\u00eda.<strong>\u00a0<\/strong><\/li>\n<li style=\"text-align: justify;\"><strong>Innovaci\u00f3n abierta y Ciencia abierta <\/strong>&#8211; Adem\u00e1s de la principal novedad que supone la primera fase del Consejo Europeo de Innovaci\u00f3n (con un presupuesto de 2.700 millones de euros) el Programa de trabajo financiar\u00e1 varias pruebas de Innovaci\u00f3n abierta con m\u00e1s de 200 millones de euros, as\u00ed como alrededor de 30 temas en el pilar Retos sociales con alrededor de 300 millones de euros. La creaci\u00f3n de una <a title=\"Nube Europea de Ciencia abierta\" href=\"http:\/\/europa.eu\/rapid\/press-release_IP-16-1408_es.htm\" target=\"_blank\" rel=\"noopener\">Nube\u00a0Europea de Ciencia\u00a0Abierta (<em>European Open Science Cloud)<\/em><\/a>\u00a0ofrecer\u00e1 a los 1,7 millones de investigadores, 70 millones de cient\u00edficos de Europa y profesionales de la tecnolog\u00eda un entorno virtual para almacenar, compartir y reutilizar sus datos en diferentes disciplinas.<\/li>\n<\/ul>\n<\/div>\n<h3>Procedimiento<\/h3>\n<div>\n<p style=\"text-align: justify;\">Como hasta ahora, la mayor parte de esta financiaci\u00f3n se asigna a trav\u00e9s de convocatorias competitivas abiertas a propuestas de investigadores, empresas y otras organizaciones interesadas ubicadas en cualquiera de los estados miembros de la UE o pa\u00edses asociados a H2020.<\/p>\n<p style=\"text-align: justify;\">Cada una de esas convocatorias establece una serie de <em>topics<\/em> o temas en los que se pueden presentar propuestas ajustadas al presupuesto, condiciones y fechas de cierre indicados por la CE. Las solicitudes son evaluadas por expertos independientes de acuerdo a los criterios definidos en el programa de trabajo. Toda la informaci\u00f3n est\u00e1 disponible en <a href=\"http:\/\/ec.europa.eu\/research\/participants\/portal\/desktop\/en\/home.html\">el portal del participante.<\/a><\/p>\n<\/div>\n","protected":false},"excerpt":{"rendered":"<p>El nuevo programa de trabajo 2018-2020 destina m\u00e1s de 30.000 millones a investigaci\u00f3n e innovaci\u00f3n. \u00a1Participa!<\/p>\n","protected":false},"author":2,"featured_media":4334,"comment_status":"closed","ping_status":"closed","sticky":false,"template":"","format":"standard","meta":{"footnotes":""},"categories":[224,225,227],"tags":[122,111,110,112,114,88,126],"class_list":["post-13493","post","type-post","status-publish","format-standard","has-post-thumbnail","hentry","category-estrategia-de-i-d-i","category-internacionalizacion-de-la-idi","category-proyectos-europeos","tag-ayudas","tag-ayudas-a-la-idi","tag-financiacion-de-idi","tag-h2020","tag-horizonte-2020","tag-innovacion","tag-proyectos-europeos"],"yoast_head":"<!-- This site is optimized with the Yoast SEO Premium plugin v27.4 (Yoast SEO v27.4) - https:\/\/yoast.com\/product\/yoast-seo-premium-wordpress\/ -->\n<title>\u00bfQu\u00e9 pasar\u00e1 en los \u00faltimos 3 a\u00f1os de H2020? - Corporaci\u00f3n Tecnol\u00f3gica de Andaluc\u00eda CTA<\/title>\n<meta name=\"robots\" content=\"index, follow, max-snippet:-1, max-image-preview:large, max-video-preview:-1\" \/>\n<link rel=\"canonical\" href=\"https:\/\/www.corporaciontecnologica.com\/que-pasara-en-los-ultimos-3-anos-de-h2020\/\" \/>\n<meta property=\"og:locale\" content=\"en_US\" \/>\n<meta property=\"og:type\" content=\"article\" \/>\n<meta property=\"og:title\" content=\"\u00bfQu\u00e9 pasar\u00e1 en los \u00faltimos 3 a\u00f1os de H2020?\" \/>\n<meta property=\"og:description\" content=\"El nuevo programa de trabajo 2018-2020 destina m\u00e1s de 30.000 millones a investigaci\u00f3n e innovaci\u00f3n. \u00a1Participa!\" \/>\n<meta property=\"og:url\" content=\"https:\/\/www.corporaciontecnologica.com\/que-pasara-en-los-ultimos-3-anos-de-h2020\/\" \/>\n<meta property=\"og:site_name\" content=\"Corporaci\u00f3n Tecnol\u00f3gica de Andaluc\u00eda CTA\" \/>\n<meta property=\"article:publisher\" content=\"https:\/\/www.facebook.com\/CTAndalucia\" \/>\n<meta property=\"article:published_time\" content=\"2017-11-08T16:29:32+00:00\" \/>\n<meta property=\"article:modified_time\" content=\"2024-04-02T15:50:08+00:00\" \/>\n<meta property=\"og:image\" content=\"https:\/\/www.corporaciontecnologica.com\/wp-content\/uploads\/2022\/11\/637b69e27799aH2020.png\" \/>\n\t<meta property=\"og:image:width\" content=\"800\" \/>\n\t<meta property=\"og:image:height\" content=\"1200\" \/>\n\t<meta property=\"og:image:type\" content=\"image\/png\" \/>\n<meta name=\"author\" content=\"Nacho\" \/>\n<meta name=\"twitter:card\" content=\"summary_large_image\" \/>\n<meta name=\"twitter:creator\" content=\"@CTAndalucia\" \/>\n<meta name=\"twitter:site\" content=\"@CTAndalucia\" \/>\n<meta name=\"twitter:label1\" content=\"Written by\" \/>\n\t<meta name=\"twitter:data1\" content=\"Nacho\" \/>\n\t<meta name=\"twitter:label2\" content=\"Est. reading time\" \/>\n\t<meta name=\"twitter:data2\" content=\"9 minutes\" \/>\n<script type=\"application\/ld+json\" class=\"yoast-schema-graph\">{\"@context\":\"https:\\\/\\\/schema.org\",\"@graph\":[{\"@type\":\"Article\",\"@id\":\"https:\\\/\\\/www.corporaciontecnologica.com\\\/que-pasara-en-los-ultimos-3-anos-de-h2020\\\/#article\",\"isPartOf\":{\"@id\":\"https:\\\/\\\/www.corporaciontecnologica.com\\\/que-pasara-en-los-ultimos-3-anos-de-h2020\\\/\"},\"author\":{\"name\":\"Nacho\",\"@id\":\"https:\\\/\\\/www.corporaciontecnologica.com\\\/#\\\/schema\\\/person\\\/f6def5a519aedb8abf2aa7a684c9f31c\"},\"headline\":\"\u00bfQu\u00e9 pasar\u00e1 en los \u00faltimos 3 a\u00f1os de H2020?\",\"datePublished\":\"2017-11-08T16:29:32+00:00\",\"dateModified\":\"2024-04-02T15:50:08+00:00\",\"mainEntityOfPage\":{\"@id\":\"https:\\\/\\\/www.corporaciontecnologica.com\\\/que-pasara-en-los-ultimos-3-anos-de-h2020\\\/\"},\"wordCount\":2022,\"publisher\":{\"@id\":\"https:\\\/\\\/www.corporaciontecnologica.com\\\/#organization\"},\"image\":{\"@id\":\"https:\\\/\\\/www.corporaciontecnologica.com\\\/que-pasara-en-los-ultimos-3-anos-de-h2020\\\/#primaryimage\"},\"thumbnailUrl\":\"https:\\\/\\\/www.corporaciontecnologica.com\\\/wp-content\\\/uploads\\\/2022\\\/11\\\/637b69e27799aH2020.png\",\"keywords\":[\"ayudas\",\"ayudas a la I+D+i\",\"financiaci\u00f3n de I+D+i\",\"H2020\",\"Horizonte 2020\",\"Innovaci\u00f3n\",\"proyectos europeos\"],\"articleSection\":[\"Estrategia de I+D+i\",\"Internacionalizaci\u00f3n de la I+D+i\",\"Proyectos Europeos\"],\"inLanguage\":\"en-US\"},{\"@type\":\"WebPage\",\"@id\":\"https:\\\/\\\/www.corporaciontecnologica.com\\\/que-pasara-en-los-ultimos-3-anos-de-h2020\\\/\",\"url\":\"https:\\\/\\\/www.corporaciontecnologica.com\\\/que-pasara-en-los-ultimos-3-anos-de-h2020\\\/\",\"name\":\"\u00bfQu\u00e9 pasar\u00e1 en los \u00faltimos 3 a\u00f1os de H2020? - Corporaci\u00f3n Tecnol\u00f3gica de Andaluc\u00eda CTA\",\"isPartOf\":{\"@id\":\"https:\\\/\\\/www.corporaciontecnologica.com\\\/#website\"},\"primaryImageOfPage\":{\"@id\":\"https:\\\/\\\/www.corporaciontecnologica.com\\\/que-pasara-en-los-ultimos-3-anos-de-h2020\\\/#primaryimage\"},\"image\":{\"@id\":\"https:\\\/\\\/www.corporaciontecnologica.com\\\/que-pasara-en-los-ultimos-3-anos-de-h2020\\\/#primaryimage\"},\"thumbnailUrl\":\"https:\\\/\\\/www.corporaciontecnologica.com\\\/wp-content\\\/uploads\\\/2022\\\/11\\\/637b69e27799aH2020.png\",\"datePublished\":\"2017-11-08T16:29:32+00:00\",\"dateModified\":\"2024-04-02T15:50:08+00:00\",\"breadcrumb\":{\"@id\":\"https:\\\/\\\/www.corporaciontecnologica.com\\\/que-pasara-en-los-ultimos-3-anos-de-h2020\\\/#breadcrumb\"},\"inLanguage\":\"en-US\",\"potentialAction\":[{\"@type\":\"ReadAction\",\"target\":[\"https:\\\/\\\/www.corporaciontecnologica.com\\\/que-pasara-en-los-ultimos-3-anos-de-h2020\\\/\"]}]},{\"@type\":\"ImageObject\",\"inLanguage\":\"en-US\",\"@id\":\"https:\\\/\\\/www.corporaciontecnologica.com\\\/que-pasara-en-los-ultimos-3-anos-de-h2020\\\/#primaryimage\",\"url\":\"https:\\\/\\\/www.corporaciontecnologica.com\\\/wp-content\\\/uploads\\\/2022\\\/11\\\/637b69e27799aH2020.png\",\"contentUrl\":\"https:\\\/\\\/www.corporaciontecnologica.com\\\/wp-content\\\/uploads\\\/2022\\\/11\\\/637b69e27799aH2020.png\",\"width\":800,\"height\":1200,\"caption\":\"What will happen in the last 3 years of H2020?\"},{\"@type\":\"BreadcrumbList\",\"@id\":\"https:\\\/\\\/www.corporaciontecnologica.com\\\/que-pasara-en-los-ultimos-3-anos-de-h2020\\\/#breadcrumb\",\"itemListElement\":[{\"@type\":\"ListItem\",\"position\":1,\"name\":\"Home\",\"item\":\"https:\\\/\\\/www.corporaciontecnologica.com\\\/\"},{\"@type\":\"ListItem\",\"position\":2,\"name\":\"\u00bfQu\u00e9 pasar\u00e1 en los \u00faltimos 3 a\u00f1os de H2020?\"}]},{\"@type\":\"WebSite\",\"@id\":\"https:\\\/\\\/www.corporaciontecnologica.com\\\/#website\",\"url\":\"https:\\\/\\\/www.corporaciontecnologica.com\\\/\",\"name\":\"Corporaci\u00f3n Tecnol\u00f3gica de Andaluc\u00eda CTA\",\"description\":\"\",\"publisher\":{\"@id\":\"https:\\\/\\\/www.corporaciontecnologica.com\\\/#organization\"},\"potentialAction\":[{\"@type\":\"SearchAction\",\"target\":{\"@type\":\"EntryPoint\",\"urlTemplate\":\"https:\\\/\\\/www.corporaciontecnologica.com\\\/?s={search_term_string}\"},\"query-input\":{\"@type\":\"PropertyValueSpecification\",\"valueRequired\":true,\"valueName\":\"search_term_string\"}}],\"inLanguage\":\"en-US\"},{\"@type\":\"Organization\",\"@id\":\"https:\\\/\\\/www.corporaciontecnologica.com\\\/#organization\",\"name\":\"Corporaci\u00f3n Tecnol\u00f3gica de Andaluc\u00eda CTA\",\"url\":\"https:\\\/\\\/www.corporaciontecnologica.com\\\/\",\"logo\":{\"@type\":\"ImageObject\",\"inLanguage\":\"en-US\",\"@id\":\"https:\\\/\\\/www.corporaciontecnologica.com\\\/#\\\/schema\\\/logo\\\/image\\\/\",\"url\":\"https:\\\/\\\/www.corporaciontecnologica.com\\\/wp-content\\\/uploads\\\/2025\\\/01\\\/cropped-350x100TransparenteBlanco.png\",\"contentUrl\":\"https:\\\/\\\/www.corporaciontecnologica.com\\\/wp-content\\\/uploads\\\/2025\\\/01\\\/cropped-350x100TransparenteBlanco.png\",\"width\":349,\"height\":99,\"caption\":\"Corporaci\u00f3n Tecnol\u00f3gica de Andaluc\u00eda CTA\"},\"image\":{\"@id\":\"https:\\\/\\\/www.corporaciontecnologica.com\\\/#\\\/schema\\\/logo\\\/image\\\/\"},\"sameAs\":[\"https:\\\/\\\/www.facebook.com\\\/CTAndalucia\",\"https:\\\/\\\/x.com\\\/CTAndalucia\",\"https:\\\/\\\/www.linkedin.com\\\/company\\\/cta-corporaci-n-tecnol-gica-de-andaluc-a-\"]},{\"@type\":\"Person\",\"@id\":\"https:\\\/\\\/www.corporaciontecnologica.com\\\/#\\\/schema\\\/person\\\/f6def5a519aedb8abf2aa7a684c9f31c\",\"name\":\"Nacho\",\"image\":{\"@type\":\"ImageObject\",\"inLanguage\":\"en-US\",\"@id\":\"https:\\\/\\\/secure.gravatar.com\\\/avatar\\\/3c7ae8c4170edeee83528b9c3b478cdd8b7c77d513743b6e29715502bbe364d6?s=96&d=mm&r=g\",\"url\":\"https:\\\/\\\/secure.gravatar.com\\\/avatar\\\/3c7ae8c4170edeee83528b9c3b478cdd8b7c77d513743b6e29715502bbe364d6?s=96&d=mm&r=g\",\"contentUrl\":\"https:\\\/\\\/secure.gravatar.com\\\/avatar\\\/3c7ae8c4170edeee83528b9c3b478cdd8b7c77d513743b6e29715502bbe364d6?s=96&d=mm&r=g\",\"caption\":\"Nacho\"},\"url\":\"https:\\\/\\\/www.corporaciontecnologica.com\\\/en\\\/author\\\/nacho\\\/\"}]}<\/script>\n<!-- \/ Yoast SEO Premium plugin. -->","yoast_head_json":{"title":"\u00bfQu\u00e9 pasar\u00e1 en los \u00faltimos 3 a\u00f1os de H2020? - Corporaci\u00f3n Tecnol\u00f3gica de Andaluc\u00eda CTA","robots":{"index":"index","follow":"follow","max-snippet":"max-snippet:-1","max-image-preview":"max-image-preview:large","max-video-preview":"max-video-preview:-1"},"canonical":"https:\/\/www.corporaciontecnologica.com\/que-pasara-en-los-ultimos-3-anos-de-h2020\/","og_locale":"en_US","og_type":"article","og_title":"\u00bfQu\u00e9 pasar\u00e1 en los \u00faltimos 3 a\u00f1os de H2020?","og_description":"El nuevo programa de trabajo 2018-2020 destina m\u00e1s de 30.000 millones a investigaci\u00f3n e innovaci\u00f3n. \u00a1Participa!","og_url":"https:\/\/www.corporaciontecnologica.com\/que-pasara-en-los-ultimos-3-anos-de-h2020\/","og_site_name":"Corporaci\u00f3n Tecnol\u00f3gica de Andaluc\u00eda CTA","article_publisher":"https:\/\/www.facebook.com\/CTAndalucia","article_published_time":"2017-11-08T16:29:32+00:00","article_modified_time":"2024-04-02T15:50:08+00:00","og_image":[{"width":800,"height":1200,"url":"https:\/\/www.corporaciontecnologica.com\/wp-content\/uploads\/2022\/11\/637b69e27799aH2020.png","type":"image\/png"}],"author":"Nacho","twitter_card":"summary_large_image","twitter_creator":"@CTAndalucia","twitter_site":"@CTAndalucia","twitter_misc":{"Written by":"Nacho","Est. reading time":"9 minutes"},"schema":{"@context":"https:\/\/schema.org","@graph":[{"@type":"Article","@id":"https:\/\/www.corporaciontecnologica.com\/que-pasara-en-los-ultimos-3-anos-de-h2020\/#article","isPartOf":{"@id":"https:\/\/www.corporaciontecnologica.com\/que-pasara-en-los-ultimos-3-anos-de-h2020\/"},"author":{"name":"Nacho","@id":"https:\/\/www.corporaciontecnologica.com\/#\/schema\/person\/f6def5a519aedb8abf2aa7a684c9f31c"},"headline":"\u00bfQu\u00e9 pasar\u00e1 en los \u00faltimos 3 a\u00f1os de H2020?","datePublished":"2017-11-08T16:29:32+00:00","dateModified":"2024-04-02T15:50:08+00:00","mainEntityOfPage":{"@id":"https:\/\/www.corporaciontecnologica.com\/que-pasara-en-los-ultimos-3-anos-de-h2020\/"},"wordCount":2022,"publisher":{"@id":"https:\/\/www.corporaciontecnologica.com\/#organization"},"image":{"@id":"https:\/\/www.corporaciontecnologica.com\/que-pasara-en-los-ultimos-3-anos-de-h2020\/#primaryimage"},"thumbnailUrl":"https:\/\/www.corporaciontecnologica.com\/wp-content\/uploads\/2022\/11\/637b69e27799aH2020.png","keywords":["ayudas","ayudas a la I+D+i","financiaci\u00f3n de I+D+i","H2020","Horizonte 2020","Innovaci\u00f3n","proyectos europeos"],"articleSection":["Estrategia de I+D+i","Internacionalizaci\u00f3n de la I+D+i","Proyectos Europeos"],"inLanguage":"en-US"},{"@type":"WebPage","@id":"https:\/\/www.corporaciontecnologica.com\/que-pasara-en-los-ultimos-3-anos-de-h2020\/","url":"https:\/\/www.corporaciontecnologica.com\/que-pasara-en-los-ultimos-3-anos-de-h2020\/","name":"\u00bfQu\u00e9 pasar\u00e1 en los \u00faltimos 3 a\u00f1os de H2020? - Corporaci\u00f3n Tecnol\u00f3gica de Andaluc\u00eda CTA","isPartOf":{"@id":"https:\/\/www.corporaciontecnologica.com\/#website"},"primaryImageOfPage":{"@id":"https:\/\/www.corporaciontecnologica.com\/que-pasara-en-los-ultimos-3-anos-de-h2020\/#primaryimage"},"image":{"@id":"https:\/\/www.corporaciontecnologica.com\/que-pasara-en-los-ultimos-3-anos-de-h2020\/#primaryimage"},"thumbnailUrl":"https:\/\/www.corporaciontecnologica.com\/wp-content\/uploads\/2022\/11\/637b69e27799aH2020.png","datePublished":"2017-11-08T16:29:32+00:00","dateModified":"2024-04-02T15:50:08+00:00","breadcrumb":{"@id":"https:\/\/www.corporaciontecnologica.com\/que-pasara-en-los-ultimos-3-anos-de-h2020\/#breadcrumb"},"inLanguage":"en-US","potentialAction":[{"@type":"ReadAction","target":["https:\/\/www.corporaciontecnologica.com\/que-pasara-en-los-ultimos-3-anos-de-h2020\/"]}]},{"@type":"ImageObject","inLanguage":"en-US","@id":"https:\/\/www.corporaciontecnologica.com\/que-pasara-en-los-ultimos-3-anos-de-h2020\/#primaryimage","url":"https:\/\/www.corporaciontecnologica.com\/wp-content\/uploads\/2022\/11\/637b69e27799aH2020.png","contentUrl":"https:\/\/www.corporaciontecnologica.com\/wp-content\/uploads\/2022\/11\/637b69e27799aH2020.png","width":800,"height":1200,"caption":"What will happen in the last 3 years of H2020?"},{"@type":"BreadcrumbList","@id":"https:\/\/www.corporaciontecnologica.com\/que-pasara-en-los-ultimos-3-anos-de-h2020\/#breadcrumb","itemListElement":[{"@type":"ListItem","position":1,"name":"Home","item":"https:\/\/www.corporaciontecnologica.com\/"},{"@type":"ListItem","position":2,"name":"\u00bfQu\u00e9 pasar\u00e1 en los \u00faltimos 3 a\u00f1os de H2020?"}]},{"@type":"WebSite","@id":"https:\/\/www.corporaciontecnologica.com\/#website","url":"https:\/\/www.corporaciontecnologica.com\/","name":"Corporaci\u00f3n Tecnol\u00f3gica de Andaluc\u00eda CTA","description":"","publisher":{"@id":"https:\/\/www.corporaciontecnologica.com\/#organization"},"potentialAction":[{"@type":"SearchAction","target":{"@type":"EntryPoint","urlTemplate":"https:\/\/www.corporaciontecnologica.com\/?s={search_term_string}"},"query-input":{"@type":"PropertyValueSpecification","valueRequired":true,"valueName":"search_term_string"}}],"inLanguage":"en-US"},{"@type":"Organization","@id":"https:\/\/www.corporaciontecnologica.com\/#organization","name":"Corporaci\u00f3n Tecnol\u00f3gica de Andaluc\u00eda CTA","url":"https:\/\/www.corporaciontecnologica.com\/","logo":{"@type":"ImageObject","inLanguage":"en-US","@id":"https:\/\/www.corporaciontecnologica.com\/#\/schema\/logo\/image\/","url":"https:\/\/www.corporaciontecnologica.com\/wp-content\/uploads\/2025\/01\/cropped-350x100TransparenteBlanco.png","contentUrl":"https:\/\/www.corporaciontecnologica.com\/wp-content\/uploads\/2025\/01\/cropped-350x100TransparenteBlanco.png","width":349,"height":99,"caption":"Corporaci\u00f3n Tecnol\u00f3gica de Andaluc\u00eda CTA"},"image":{"@id":"https:\/\/www.corporaciontecnologica.com\/#\/schema\/logo\/image\/"},"sameAs":["https:\/\/www.facebook.com\/CTAndalucia","https:\/\/x.com\/CTAndalucia","https:\/\/www.linkedin.com\/company\/cta-corporaci-n-tecnol-gica-de-andaluc-a-"]},{"@type":"Person","@id":"https:\/\/www.corporaciontecnologica.com\/#\/schema\/person\/f6def5a519aedb8abf2aa7a684c9f31c","name":"Nacho","image":{"@type":"ImageObject","inLanguage":"en-US","@id":"https:\/\/secure.gravatar.com\/avatar\/3c7ae8c4170edeee83528b9c3b478cdd8b7c77d513743b6e29715502bbe364d6?s=96&d=mm&r=g","url":"https:\/\/secure.gravatar.com\/avatar\/3c7ae8c4170edeee83528b9c3b478cdd8b7c77d513743b6e29715502bbe364d6?s=96&d=mm&r=g","contentUrl":"https:\/\/secure.gravatar.com\/avatar\/3c7ae8c4170edeee83528b9c3b478cdd8b7c77d513743b6e29715502bbe364d6?s=96&d=mm&r=g","caption":"Nacho"},"url":"https:\/\/www.corporaciontecnologica.com\/en\/author\/nacho\/"}]}},"_links":{"self":[{"href":"https:\/\/www.corporaciontecnologica.com\/en\/wp-json\/wp\/v2\/posts\/13493","targetHints":{"allow":["GET"]}}],"collection":[{"href":"https:\/\/www.corporaciontecnologica.com\/en\/wp-json\/wp\/v2\/posts"}],"about":[{"href":"https:\/\/www.corporaciontecnologica.com\/en\/wp-json\/wp\/v2\/types\/post"}],"author":[{"embeddable":true,"href":"https:\/\/www.corporaciontecnologica.com\/en\/wp-json\/wp\/v2\/users\/2"}],"replies":[{"embeddable":true,"href":"https:\/\/www.corporaciontecnologica.com\/en\/wp-json\/wp\/v2\/comments?post=13493"}],"version-history":[{"count":0,"href":"https:\/\/www.corporaciontecnologica.com\/en\/wp-json\/wp\/v2\/posts\/13493\/revisions"}],"wp:featuredmedia":[{"embeddable":true,"href":"https:\/\/www.corporaciontecnologica.com\/en\/wp-json\/wp\/v2\/media\/4334"}],"wp:attachment":[{"href":"https:\/\/www.corporaciontecnologica.com\/en\/wp-json\/wp\/v2\/media?parent=13493"}],"wp:term":[{"taxonomy":"category","embeddable":true,"href":"https:\/\/www.corporaciontecnologica.com\/en\/wp-json\/wp\/v2\/categories?post=13493"},{"taxonomy":"post_tag","embeddable":true,"href":"https:\/\/www.corporaciontecnologica.com\/en\/wp-json\/wp\/v2\/tags?post=13493"}],"curies":[{"name":"wp","href":"https:\/\/api.w.org\/{rel}","templated":true}]}}