{"id":13530,"date":"2021-02-11T09:53:00","date_gmt":"2021-02-11T09:53:00","guid":{"rendered":"https:\/\/dev-cta.corporaciontecnologica.com\/?p=13530"},"modified":"2024-04-02T16:50:58","modified_gmt":"2024-04-02T15:50:58","slug":"que-novedades-hay-en-las-ayudas-a-la-innovacion-empresarial-del-cdti-en-2021","status":"publish","type":"post","link":"https:\/\/www.corporaciontecnologica.com\/en\/que-novedades-hay-en-las-ayudas-a-la-innovacion-empresarial-del-cdti-en-2021\/","title":{"rendered":"\u00bfQu\u00e9 novedades hay en las ayudas a la innovaci\u00f3n empresarial del CDTI en 2021?"},"content":{"rendered":"\n<div>\n<p><em><strong>El CDTI es la entidad p\u00fablica que m\u00e1s ayudas directas concede al sector empresarial espa\u00f1ol y cuenta una ventanilla abierta para que cualquier empresa presente un proyecto de investigaci\u00f3n, desarrollo tecnol\u00f3gico e innovaci\u00f3n en cualquier momento. En 2021, el presupuesto del CDTI se ha visto incrementado un 42%, hasta superar los 1.500M\u20ac, gracias al plan de Recuperaci\u00f3n, Transformaci\u00f3n y Resiliencia financiado por el instrumento Next Generation EU. <\/strong><\/em><\/p>\n<p><em><strong>\u00bfCu\u00e1les son las novedades y a qu\u00e9 ayudas se va a destinar ese incremento hist\u00f3rico del presupuesto? El director general del CDTI, Javier Ponce, lo ha explicado en una jornada organizada por CTA en el marco de un ciclo sobre los fondos europeos de recuperaci\u00f3n Next Generation EU y te lo contamos aqu\u00ed.<\/strong><\/em><\/p>\n<p style=\"text-align: justify;\"><a href=\"https:\/\/www.cdti.es\/index.asp\">El CDTI<\/a> (Centro para el Desarrollo Tecnol\u00f3gico Industrial) es una entidad p\u00fablica que concede a las empresas subvenciones y ayudas reembolsables o cr\u00e9ditos en condiciones ventajosas para proyectos innovadores que les ayuden a crecer y ser m\u00e1s competitivas.<\/p>\n<p style=\"text-align: justify;\">Si est\u00e1s interesado en saber qu\u00e9 programa del CDTI es m\u00e1s adecuado para financiar tus proyectos de I+D+i, tienes a tu disposici\u00f3n la RED PIDI, que presta un&nbsp;<strong>servicio p\u00fablico de informaci\u00f3n a empresas<\/strong>, con especial atenci\u00f3n a pymes y emprendedores, sobre los programas de apoyo a la I+D+i de \u00e1mbito local, regional, estatal o internacional.<\/p>\n<p style=\"text-align: justify;\">Puedes&nbsp;solicitar orientaci\u00f3n y asesoramiento&nbsp;personalizado:<\/p>\n<ul style=\"text-align: justify;\">\n<li style=\"text-align: left;\">llamando a los tel\u00e9fonos 900 92 31 22 (consultas sobre ayudas nacionales) y 900 92 47 35 (consultas sobre ayudas internacio\u00adnales),<\/li>\n<li style=\"text-align: left;\">o escribiendo respectivamente a las direcciones de correo electr\u00f3nico&nbsp;<a href=\"mailto:\/\/soportenacional@redpidi.es\">soportena\u00adcional@redpidi.es<\/a> o&nbsp;<a href=\"\/sites\/cta-blog\/es\/listado-completo\/La-Red-PIDI-en-5-claves-una-brujula-en-las-ayudas-a-la-innovacion\/mailto::\/soporteinternacional@redpidi.es\">soporteinternacional@redpidi.es<\/a>.<\/li>\n<\/ul>\n<p style=\"text-align: justify;\">La Red cuenta adem\u00e1s con su propio&nbsp;<a href=\"https:\/\/twitter.com\/RedPIDI\">perfil en Twitter (@redPIDI)&nbsp;<\/a>para poder estar al tanto de sus actividades de promoci\u00f3n, difusi\u00f3n y orienta\u00adci\u00f3n sobre I+D+i.<\/p>\n<\/div>\n\n\n\n<h2 class=\"wp-block-heading\">M\u00e1s Compra P\u00fablica Precomercial y con foco en hidr\u00f3geno<\/h2>\n\n\n\n<div>\n<p style=\"text-align: justify;\">Una de las grandes \u00e1reas a las que Javier Ponce anunci\u00f3 que se destinar\u00e1 este gran incremento del presupuesto del CDTI en 2021 ser\u00e1 a las ayudas para nuevas tecnolog\u00edas al servicio de la sociedad. Dentro de este cap\u00edtulo, destac\u00f3:<\/p>\n<ul style=\"text-align: justify;\">\n<li><a href=\"https:\/\/www.cdti.es\/index.asp\">las misiones de ciencia e innovaci\u00f3n<\/a>,<\/li>\n<li>las iniciativas de programaci\u00f3n conjunta con Horizonte Europa, para cofinanciar proyectos con el nuevo programa marco de la UE para investigaci\u00f3n e innovaci\u00f3n,<\/li>\n<li>y el desarrollo de la Compra P\u00fablica Precomercial.<\/li>\n<\/ul>\n<p style=\"text-align: justify;\">La <a href=\"https:\/\/www.cdti.es\/index.asp\"><strong>Compra P\u00fablica Precomercial<\/strong><\/a> es una medida por la que el CDTI compra un prototipo basado en tecnolog\u00eda para su uso experimental por alg\u00fan organismo de la Administraci\u00f3n. En concreto, Ponce subray\u00f3 que se utilizar\u00e1 este tipo de apoyo a la innovaci\u00f3n con especial intensidad para nuevos prototipos con verticales del vector hidr\u00f3geno verde, en colaboraci\u00f3n con el Ministerio de Transici\u00f3n Ecol\u00f3gica.<\/p>\n<\/div>\n\n\n\n<h2 class=\"wp-block-heading\">Capitalizaci\u00f3n de startups tecnol\u00f3gicas a trav\u00e9s de Venture capital<\/h2>\n\n\n\n<div>\n<p style=\"text-align: justify;\">Otro \u00e1mbito importante de oportunidad ser\u00e1 la <strong>aceleraci\u00f3n de pymes intensivas en tecnolog\u00eda<\/strong>, especialmente las <em>startups<\/em>. El director general del CDTI anunci\u00f3 un fuerte impulso a mecanismos de capitalizaci\u00f3n de nuevas empresas de base tecnol\u00f3gica a trav\u00e9s de Venture Capital (<a href=\"http:\/\/www.cdti.es\/index.asp\">Innvierte<\/a>). Se trata de la coinversi\u00f3n en empresas de este tipo de la mano de inversores privados, para lo que ya cuentan con 60 inversores homologados. La previsi\u00f3n es invertir en cada compa\u00f1\u00eda desde 150.000\u20ac hasta 10 M\u20ac.<\/p>\n<p style=\"text-align: justify;\">Adem\u00e1s, se impulsar\u00e1 el <strong>sello PYME de excelencia<\/strong>, con una ayuda directa (subvenci\u00f3n) para empresas que se hayan presentado al marco EIC <a href=\"https:\/\/ec.europa.eu\/research\/eic\/index.cfm\">(European Innovation Council)<\/a>, hayan tenido una buena valoraci\u00f3n pero no hayan conseguido la financiaci\u00f3n.<\/p>\n<\/div>\n\n\n\n<h2 class=\"wp-block-heading\">Transferencia proactiva de tecnolog\u00eda<\/h2>\n\n\n\n<div>\n<p style=\"text-align: justify;\">El CDTI tambi\u00e9n dedicar\u00e1 fondos de recuperaci\u00f3n a la transferencia proactiva de tecnolog\u00eda para reducir las dificultades de llevar resultados de la ciencia al mercado.<\/p>\n<ul>\n<li style=\"text-align: justify;\">Se lanzar\u00e1n dos <strong>fondos de capital de transferencia de tecnolog\u00eda<\/strong> para arrancar empresas desde pruebas de concepto en centros de investigaci\u00f3n, con la previsi\u00f3n de permanecer hasta entre 8 y 12 a\u00f1os en el accionariado de la empresa.<\/li>\n<li style=\"text-align: justify;\">Tambi\u00e9n se reforzar\u00e1n las <strong>ayudas Cervera para centros tecnol\u00f3gicos<\/strong>.<\/li>\n<li style=\"text-align: justify;\">Adem\u00e1s, el CDTI va a definir durante el primer semestre, en colaboraci\u00f3n con la Agencia Estatal de Investigaci\u00f3n, una <strong>mejora de los proyectos de I+D Transferencia Cervera<\/strong>, que son proyectos en los que una pyme o una empresa de mediana capitalizaci\u00f3n colabore con un centro de investigaci\u00f3n, un centro tecnol\u00f3gico o un grupo de investigaci\u00f3n. Se pretende combinar una ayuda parcialmente reembolsable a la empresa (con el tramo no reembolsable m\u00e1ximo, del 33%), adem\u00e1s una subvenci\u00f3n al organismo de investigaci\u00f3n participante en el proyecto y tambi\u00e9n una subvenci\u00f3n a la empresa si incorpora un doctor en su plantilla para el desarrollo del proyecto.<\/li>\n<\/ul>\n<\/div>\n\n\n\n<h2 class=\"wp-block-heading\">Ayudas espec\u00edficas para los sectores aeron\u00e1utico y automoci\u00f3n<\/h2>\n\n\n\n<div>\n<p style=\"text-align: justify;\">El director general del CDTI tambi\u00e9n anunci\u00f3 que parte de este incremento de fondos se destinar\u00e1 a programas focalizados en mejorar capacidades industriales espa\u00f1olas en dos sectores muy da\u00f1ados por la pandemia: el aeron\u00e1utico y la automoci\u00f3n.<\/p>\n<ul>\n<li style=\"text-align: justify;\"><strong>Plan tecnol\u00f3gico aeron\u00e1utico<\/strong>, se otorgar\u00e1n subvenciones para proyectos de I+D enfocados a generar nuevas capacidades para los futuros aviones m\u00e1s ecol\u00f3gicos de emisiones cero. El objetivo es conseguir una posici\u00f3n de liderazgo espa\u00f1ol que facilite el mantenimiento del empleo cualificado y de I+D..<\/li>\n<li style=\"text-align: justify;\"><strong>Plan de automoci\u00f3n sostenible<\/strong>, har\u00e1 especial hincapi\u00e9 en el desarrollo de nuevos productos relacionados con hibridaci\u00f3n de tecnolog\u00edas y mejora de los entornos fabriles para asegurar la capacidad de producci\u00f3n de nuevos autom\u00f3viles con competitividad y eficiencia.<\/li>\n<\/ul>\n<\/div>\n","protected":false},"excerpt":{"rendered":"<p>El director general del CDTI, Javier Ponce, explica las novedades en las ayudas a la innovaci\u00f3n de CTA.<\/p>\n","protected":false},"author":2,"featured_media":4366,"comment_status":"closed","ping_status":"closed","sticky":false,"template":"","format":"standard","meta":{"footnotes":""},"categories":[224,226,229],"tags":[],"class_list":["post-13530","post","type-post","status-publish","format-standard","has-post-thumbnail","hentry","category-estrategia-de-i-d-i","category-politica-de-innovacion","category-tendencias"],"yoast_head":"<!-- This site is optimized with the Yoast SEO Premium plugin v27.4 (Yoast SEO v27.4) - https:\/\/yoast.com\/product\/yoast-seo-premium-wordpress\/ -->\n<title>\u00bfQu\u00e9 novedades hay en las ayudas a la innovaci\u00f3n empresarial del CDTI en 2021? - Corporaci\u00f3n Tecnol\u00f3gica de Andaluc\u00eda CTA<\/title>\n<meta name=\"robots\" content=\"index, follow, max-snippet:-1, max-image-preview:large, max-video-preview:-1\" \/>\n<link rel=\"canonical\" href=\"https:\/\/www.corporaciontecnologica.com\/que-novedades-hay-en-las-ayudas-a-la-innovacion-empresarial-del-cdti-en-2021\/\" \/>\n<meta property=\"og:locale\" content=\"en_US\" \/>\n<meta property=\"og:type\" content=\"article\" \/>\n<meta property=\"og:title\" content=\"\u00bfQu\u00e9 novedades hay en las ayudas a la innovaci\u00f3n empresarial del CDTI en 2021?\" \/>\n<meta property=\"og:description\" content=\"El director general del CDTI, Javier Ponce, explica las novedades en las ayudas a la innovaci\u00f3n de CTA.\" \/>\n<meta property=\"og:url\" content=\"https:\/\/www.corporaciontecnologica.com\/que-novedades-hay-en-las-ayudas-a-la-innovacion-empresarial-del-cdti-en-2021\/\" \/>\n<meta property=\"og:site_name\" content=\"Corporaci\u00f3n Tecnol\u00f3gica de Andaluc\u00eda CTA\" \/>\n<meta property=\"article:publisher\" content=\"https:\/\/www.facebook.com\/CTAndalucia\" \/>\n<meta property=\"article:published_time\" content=\"2021-02-11T09:53:00+00:00\" \/>\n<meta property=\"article:modified_time\" content=\"2024-04-02T15:50:58+00:00\" \/>\n<meta property=\"og:image\" content=\"https:\/\/www.corporaciontecnologica.com\/wp-content\/uploads\/2022\/11\/637b69eba5181Screenshot_11-1024x545.png\" \/>\n\t<meta property=\"og:image:width\" content=\"1024\" \/>\n\t<meta property=\"og:image:height\" content=\"545\" \/>\n\t<meta property=\"og:image:type\" content=\"image\/png\" \/>\n<meta name=\"author\" content=\"Nacho\" \/>\n<meta name=\"twitter:card\" content=\"summary_large_image\" \/>\n<meta name=\"twitter:creator\" content=\"@CTAndalucia\" \/>\n<meta name=\"twitter:site\" content=\"@CTAndalucia\" \/>\n<meta name=\"twitter:label1\" content=\"Written by\" \/>\n\t<meta name=\"twitter:data1\" content=\"Nacho\" \/>\n\t<meta name=\"twitter:label2\" content=\"Est. reading time\" \/>\n\t<meta name=\"twitter:data2\" content=\"4 minutes\" \/>\n<script type=\"application\/ld+json\" class=\"yoast-schema-graph\">{\"@context\":\"https:\\\/\\\/schema.org\",\"@graph\":[{\"@type\":\"Article\",\"@id\":\"https:\\\/\\\/www.corporaciontecnologica.com\\\/que-novedades-hay-en-las-ayudas-a-la-innovacion-empresarial-del-cdti-en-2021\\\/#article\",\"isPartOf\":{\"@id\":\"https:\\\/\\\/www.corporaciontecnologica.com\\\/que-novedades-hay-en-las-ayudas-a-la-innovacion-empresarial-del-cdti-en-2021\\\/\"},\"author\":{\"name\":\"Nacho\",\"@id\":\"https:\\\/\\\/www.corporaciontecnologica.com\\\/#\\\/schema\\\/person\\\/f6def5a519aedb8abf2aa7a684c9f31c\"},\"headline\":\"\u00bfQu\u00e9 novedades hay en las ayudas a la innovaci\u00f3n empresarial del CDTI en 2021?\",\"datePublished\":\"2021-02-11T09:53:00+00:00\",\"dateModified\":\"2024-04-02T15:50:58+00:00\",\"mainEntityOfPage\":{\"@id\":\"https:\\\/\\\/www.corporaciontecnologica.com\\\/que-novedades-hay-en-las-ayudas-a-la-innovacion-empresarial-del-cdti-en-2021\\\/\"},\"wordCount\":981,\"publisher\":{\"@id\":\"https:\\\/\\\/www.corporaciontecnologica.com\\\/#organization\"},\"image\":{\"@id\":\"https:\\\/\\\/www.corporaciontecnologica.com\\\/que-novedades-hay-en-las-ayudas-a-la-innovacion-empresarial-del-cdti-en-2021\\\/#primaryimage\"},\"thumbnailUrl\":\"https:\\\/\\\/www.corporaciontecnologica.com\\\/wp-content\\\/uploads\\\/2022\\\/11\\\/637b69eba5181Screenshot_11.png\",\"articleSection\":[\"Estrategia de I+D+i\",\"Pol\u00edtica de Innovaci\u00f3n\",\"Tendencias\"],\"inLanguage\":\"en-US\"},{\"@type\":\"WebPage\",\"@id\":\"https:\\\/\\\/www.corporaciontecnologica.com\\\/que-novedades-hay-en-las-ayudas-a-la-innovacion-empresarial-del-cdti-en-2021\\\/\",\"url\":\"https:\\\/\\\/www.corporaciontecnologica.com\\\/que-novedades-hay-en-las-ayudas-a-la-innovacion-empresarial-del-cdti-en-2021\\\/\",\"name\":\"\u00bfQu\u00e9 novedades hay en las ayudas a la innovaci\u00f3n empresarial del CDTI en 2021? - Corporaci\u00f3n Tecnol\u00f3gica de Andaluc\u00eda CTA\",\"isPartOf\":{\"@id\":\"https:\\\/\\\/www.corporaciontecnologica.com\\\/#website\"},\"primaryImageOfPage\":{\"@id\":\"https:\\\/\\\/www.corporaciontecnologica.com\\\/que-novedades-hay-en-las-ayudas-a-la-innovacion-empresarial-del-cdti-en-2021\\\/#primaryimage\"},\"image\":{\"@id\":\"https:\\\/\\\/www.corporaciontecnologica.com\\\/que-novedades-hay-en-las-ayudas-a-la-innovacion-empresarial-del-cdti-en-2021\\\/#primaryimage\"},\"thumbnailUrl\":\"https:\\\/\\\/www.corporaciontecnologica.com\\\/wp-content\\\/uploads\\\/2022\\\/11\\\/637b69eba5181Screenshot_11.png\",\"datePublished\":\"2021-02-11T09:53:00+00:00\",\"dateModified\":\"2024-04-02T15:50:58+00:00\",\"breadcrumb\":{\"@id\":\"https:\\\/\\\/www.corporaciontecnologica.com\\\/que-novedades-hay-en-las-ayudas-a-la-innovacion-empresarial-del-cdti-en-2021\\\/#breadcrumb\"},\"inLanguage\":\"en-US\",\"potentialAction\":[{\"@type\":\"ReadAction\",\"target\":[\"https:\\\/\\\/www.corporaciontecnologica.com\\\/que-novedades-hay-en-las-ayudas-a-la-innovacion-empresarial-del-cdti-en-2021\\\/\"]}]},{\"@type\":\"ImageObject\",\"inLanguage\":\"en-US\",\"@id\":\"https:\\\/\\\/www.corporaciontecnologica.com\\\/que-novedades-hay-en-las-ayudas-a-la-innovacion-empresarial-del-cdti-en-2021\\\/#primaryimage\",\"url\":\"https:\\\/\\\/www.corporaciontecnologica.com\\\/wp-content\\\/uploads\\\/2022\\\/11\\\/637b69eba5181Screenshot_11.png\",\"contentUrl\":\"https:\\\/\\\/www.corporaciontecnologica.com\\\/wp-content\\\/uploads\\\/2022\\\/11\\\/637b69eba5181Screenshot_11.png\",\"width\":1896,\"height\":1010,\"caption\":\"\u00bfQu\u00e9 novedades hay en las ayudas a la innovaci\u00f3n empresarial del CDTI en 2021?\"},{\"@type\":\"BreadcrumbList\",\"@id\":\"https:\\\/\\\/www.corporaciontecnologica.com\\\/que-novedades-hay-en-las-ayudas-a-la-innovacion-empresarial-del-cdti-en-2021\\\/#breadcrumb\",\"itemListElement\":[{\"@type\":\"ListItem\",\"position\":1,\"name\":\"Home\",\"item\":\"https:\\\/\\\/www.corporaciontecnologica.com\\\/\"},{\"@type\":\"ListItem\",\"position\":2,\"name\":\"\u00bfQu\u00e9 novedades hay en las ayudas a la innovaci\u00f3n empresarial del CDTI en 2021?\"}]},{\"@type\":\"WebSite\",\"@id\":\"https:\\\/\\\/www.corporaciontecnologica.com\\\/#website\",\"url\":\"https:\\\/\\\/www.corporaciontecnologica.com\\\/\",\"name\":\"Corporaci\u00f3n Tecnol\u00f3gica de Andaluc\u00eda CTA\",\"description\":\"\",\"publisher\":{\"@id\":\"https:\\\/\\\/www.corporaciontecnologica.com\\\/#organization\"},\"potentialAction\":[{\"@type\":\"SearchAction\",\"target\":{\"@type\":\"EntryPoint\",\"urlTemplate\":\"https:\\\/\\\/www.corporaciontecnologica.com\\\/?s={search_term_string}\"},\"query-input\":{\"@type\":\"PropertyValueSpecification\",\"valueRequired\":true,\"valueName\":\"search_term_string\"}}],\"inLanguage\":\"en-US\"},{\"@type\":\"Organization\",\"@id\":\"https:\\\/\\\/www.corporaciontecnologica.com\\\/#organization\",\"name\":\"Corporaci\u00f3n Tecnol\u00f3gica de Andaluc\u00eda CTA\",\"url\":\"https:\\\/\\\/www.corporaciontecnologica.com\\\/\",\"logo\":{\"@type\":\"ImageObject\",\"inLanguage\":\"en-US\",\"@id\":\"https:\\\/\\\/www.corporaciontecnologica.com\\\/#\\\/schema\\\/logo\\\/image\\\/\",\"url\":\"https:\\\/\\\/www.corporaciontecnologica.com\\\/wp-content\\\/uploads\\\/2025\\\/01\\\/cropped-350x100TransparenteBlanco.png\",\"contentUrl\":\"https:\\\/\\\/www.corporaciontecnologica.com\\\/wp-content\\\/uploads\\\/2025\\\/01\\\/cropped-350x100TransparenteBlanco.png\",\"width\":349,\"height\":99,\"caption\":\"Corporaci\u00f3n Tecnol\u00f3gica de Andaluc\u00eda CTA\"},\"image\":{\"@id\":\"https:\\\/\\\/www.corporaciontecnologica.com\\\/#\\\/schema\\\/logo\\\/image\\\/\"},\"sameAs\":[\"https:\\\/\\\/www.facebook.com\\\/CTAndalucia\",\"https:\\\/\\\/x.com\\\/CTAndalucia\",\"https:\\\/\\\/www.linkedin.com\\\/company\\\/cta-corporaci-n-tecnol-gica-de-andaluc-a-\"]},{\"@type\":\"Person\",\"@id\":\"https:\\\/\\\/www.corporaciontecnologica.com\\\/#\\\/schema\\\/person\\\/f6def5a519aedb8abf2aa7a684c9f31c\",\"name\":\"Nacho\",\"image\":{\"@type\":\"ImageObject\",\"inLanguage\":\"en-US\",\"@id\":\"https:\\\/\\\/secure.gravatar.com\\\/avatar\\\/3c7ae8c4170edeee83528b9c3b478cdd8b7c77d513743b6e29715502bbe364d6?s=96&d=mm&r=g\",\"url\":\"https:\\\/\\\/secure.gravatar.com\\\/avatar\\\/3c7ae8c4170edeee83528b9c3b478cdd8b7c77d513743b6e29715502bbe364d6?s=96&d=mm&r=g\",\"contentUrl\":\"https:\\\/\\\/secure.gravatar.com\\\/avatar\\\/3c7ae8c4170edeee83528b9c3b478cdd8b7c77d513743b6e29715502bbe364d6?s=96&d=mm&r=g\",\"caption\":\"Nacho\"},\"url\":\"https:\\\/\\\/www.corporaciontecnologica.com\\\/en\\\/author\\\/nacho\\\/\"}]}<\/script>\n<!-- \/ Yoast SEO Premium plugin. -->","yoast_head_json":{"title":"\u00bfQu\u00e9 novedades hay en las ayudas a la innovaci\u00f3n empresarial del CDTI en 2021? - Corporaci\u00f3n Tecnol\u00f3gica de Andaluc\u00eda CTA","robots":{"index":"index","follow":"follow","max-snippet":"max-snippet:-1","max-image-preview":"max-image-preview:large","max-video-preview":"max-video-preview:-1"},"canonical":"https:\/\/www.corporaciontecnologica.com\/que-novedades-hay-en-las-ayudas-a-la-innovacion-empresarial-del-cdti-en-2021\/","og_locale":"en_US","og_type":"article","og_title":"\u00bfQu\u00e9 novedades hay en las ayudas a la innovaci\u00f3n empresarial del CDTI en 2021?","og_description":"El director general del CDTI, Javier Ponce, explica las novedades en las ayudas a la innovaci\u00f3n de CTA.","og_url":"https:\/\/www.corporaciontecnologica.com\/que-novedades-hay-en-las-ayudas-a-la-innovacion-empresarial-del-cdti-en-2021\/","og_site_name":"Corporaci\u00f3n Tecnol\u00f3gica de Andaluc\u00eda CTA","article_publisher":"https:\/\/www.facebook.com\/CTAndalucia","article_published_time":"2021-02-11T09:53:00+00:00","article_modified_time":"2024-04-02T15:50:58+00:00","og_image":[{"width":1024,"height":545,"url":"https:\/\/www.corporaciontecnologica.com\/wp-content\/uploads\/2022\/11\/637b69eba5181Screenshot_11-1024x545.png","type":"image\/png"}],"author":"Nacho","twitter_card":"summary_large_image","twitter_creator":"@CTAndalucia","twitter_site":"@CTAndalucia","twitter_misc":{"Written by":"Nacho","Est. reading time":"4 minutes"},"schema":{"@context":"https:\/\/schema.org","@graph":[{"@type":"Article","@id":"https:\/\/www.corporaciontecnologica.com\/que-novedades-hay-en-las-ayudas-a-la-innovacion-empresarial-del-cdti-en-2021\/#article","isPartOf":{"@id":"https:\/\/www.corporaciontecnologica.com\/que-novedades-hay-en-las-ayudas-a-la-innovacion-empresarial-del-cdti-en-2021\/"},"author":{"name":"Nacho","@id":"https:\/\/www.corporaciontecnologica.com\/#\/schema\/person\/f6def5a519aedb8abf2aa7a684c9f31c"},"headline":"\u00bfQu\u00e9 novedades hay en las ayudas a la innovaci\u00f3n empresarial del CDTI en 2021?","datePublished":"2021-02-11T09:53:00+00:00","dateModified":"2024-04-02T15:50:58+00:00","mainEntityOfPage":{"@id":"https:\/\/www.corporaciontecnologica.com\/que-novedades-hay-en-las-ayudas-a-la-innovacion-empresarial-del-cdti-en-2021\/"},"wordCount":981,"publisher":{"@id":"https:\/\/www.corporaciontecnologica.com\/#organization"},"image":{"@id":"https:\/\/www.corporaciontecnologica.com\/que-novedades-hay-en-las-ayudas-a-la-innovacion-empresarial-del-cdti-en-2021\/#primaryimage"},"thumbnailUrl":"https:\/\/www.corporaciontecnologica.com\/wp-content\/uploads\/2022\/11\/637b69eba5181Screenshot_11.png","articleSection":["Estrategia de I+D+i","Pol\u00edtica de Innovaci\u00f3n","Tendencias"],"inLanguage":"en-US"},{"@type":"WebPage","@id":"https:\/\/www.corporaciontecnologica.com\/que-novedades-hay-en-las-ayudas-a-la-innovacion-empresarial-del-cdti-en-2021\/","url":"https:\/\/www.corporaciontecnologica.com\/que-novedades-hay-en-las-ayudas-a-la-innovacion-empresarial-del-cdti-en-2021\/","name":"\u00bfQu\u00e9 novedades hay en las ayudas a la innovaci\u00f3n empresarial del CDTI en 2021? - Corporaci\u00f3n Tecnol\u00f3gica de Andaluc\u00eda CTA","isPartOf":{"@id":"https:\/\/www.corporaciontecnologica.com\/#website"},"primaryImageOfPage":{"@id":"https:\/\/www.corporaciontecnologica.com\/que-novedades-hay-en-las-ayudas-a-la-innovacion-empresarial-del-cdti-en-2021\/#primaryimage"},"image":{"@id":"https:\/\/www.corporaciontecnologica.com\/que-novedades-hay-en-las-ayudas-a-la-innovacion-empresarial-del-cdti-en-2021\/#primaryimage"},"thumbnailUrl":"https:\/\/www.corporaciontecnologica.com\/wp-content\/uploads\/2022\/11\/637b69eba5181Screenshot_11.png","datePublished":"2021-02-11T09:53:00+00:00","dateModified":"2024-04-02T15:50:58+00:00","breadcrumb":{"@id":"https:\/\/www.corporaciontecnologica.com\/que-novedades-hay-en-las-ayudas-a-la-innovacion-empresarial-del-cdti-en-2021\/#breadcrumb"},"inLanguage":"en-US","potentialAction":[{"@type":"ReadAction","target":["https:\/\/www.corporaciontecnologica.com\/que-novedades-hay-en-las-ayudas-a-la-innovacion-empresarial-del-cdti-en-2021\/"]}]},{"@type":"ImageObject","inLanguage":"en-US","@id":"https:\/\/www.corporaciontecnologica.com\/que-novedades-hay-en-las-ayudas-a-la-innovacion-empresarial-del-cdti-en-2021\/#primaryimage","url":"https:\/\/www.corporaciontecnologica.com\/wp-content\/uploads\/2022\/11\/637b69eba5181Screenshot_11.png","contentUrl":"https:\/\/www.corporaciontecnologica.com\/wp-content\/uploads\/2022\/11\/637b69eba5181Screenshot_11.png","width":1896,"height":1010,"caption":"\u00bfQu\u00e9 novedades hay en las ayudas a la innovaci\u00f3n empresarial del CDTI en 2021?"},{"@type":"BreadcrumbList","@id":"https:\/\/www.corporaciontecnologica.com\/que-novedades-hay-en-las-ayudas-a-la-innovacion-empresarial-del-cdti-en-2021\/#breadcrumb","itemListElement":[{"@type":"ListItem","position":1,"name":"Home","item":"https:\/\/www.corporaciontecnologica.com\/"},{"@type":"ListItem","position":2,"name":"\u00bfQu\u00e9 novedades hay en las ayudas a la innovaci\u00f3n empresarial del CDTI en 2021?"}]},{"@type":"WebSite","@id":"https:\/\/www.corporaciontecnologica.com\/#website","url":"https:\/\/www.corporaciontecnologica.com\/","name":"Corporaci\u00f3n Tecnol\u00f3gica de Andaluc\u00eda CTA","description":"","publisher":{"@id":"https:\/\/www.corporaciontecnologica.com\/#organization"},"potentialAction":[{"@type":"SearchAction","target":{"@type":"EntryPoint","urlTemplate":"https:\/\/www.corporaciontecnologica.com\/?s={search_term_string}"},"query-input":{"@type":"PropertyValueSpecification","valueRequired":true,"valueName":"search_term_string"}}],"inLanguage":"en-US"},{"@type":"Organization","@id":"https:\/\/www.corporaciontecnologica.com\/#organization","name":"Corporaci\u00f3n Tecnol\u00f3gica de Andaluc\u00eda CTA","url":"https:\/\/www.corporaciontecnologica.com\/","logo":{"@type":"ImageObject","inLanguage":"en-US","@id":"https:\/\/www.corporaciontecnologica.com\/#\/schema\/logo\/image\/","url":"https:\/\/www.corporaciontecnologica.com\/wp-content\/uploads\/2025\/01\/cropped-350x100TransparenteBlanco.png","contentUrl":"https:\/\/www.corporaciontecnologica.com\/wp-content\/uploads\/2025\/01\/cropped-350x100TransparenteBlanco.png","width":349,"height":99,"caption":"Corporaci\u00f3n Tecnol\u00f3gica de Andaluc\u00eda CTA"},"image":{"@id":"https:\/\/www.corporaciontecnologica.com\/#\/schema\/logo\/image\/"},"sameAs":["https:\/\/www.facebook.com\/CTAndalucia","https:\/\/x.com\/CTAndalucia","https:\/\/www.linkedin.com\/company\/cta-corporaci-n-tecnol-gica-de-andaluc-a-"]},{"@type":"Person","@id":"https:\/\/www.corporaciontecnologica.com\/#\/schema\/person\/f6def5a519aedb8abf2aa7a684c9f31c","name":"Nacho","image":{"@type":"ImageObject","inLanguage":"en-US","@id":"https:\/\/secure.gravatar.com\/avatar\/3c7ae8c4170edeee83528b9c3b478cdd8b7c77d513743b6e29715502bbe364d6?s=96&d=mm&r=g","url":"https:\/\/secure.gravatar.com\/avatar\/3c7ae8c4170edeee83528b9c3b478cdd8b7c77d513743b6e29715502bbe364d6?s=96&d=mm&r=g","contentUrl":"https:\/\/secure.gravatar.com\/avatar\/3c7ae8c4170edeee83528b9c3b478cdd8b7c77d513743b6e29715502bbe364d6?s=96&d=mm&r=g","caption":"Nacho"},"url":"https:\/\/www.corporaciontecnologica.com\/en\/author\/nacho\/"}]}},"_links":{"self":[{"href":"https:\/\/www.corporaciontecnologica.com\/en\/wp-json\/wp\/v2\/posts\/13530","targetHints":{"allow":["GET"]}}],"collection":[{"href":"https:\/\/www.corporaciontecnologica.com\/en\/wp-json\/wp\/v2\/posts"}],"about":[{"href":"https:\/\/www.corporaciontecnologica.com\/en\/wp-json\/wp\/v2\/types\/post"}],"author":[{"embeddable":true,"href":"https:\/\/www.corporaciontecnologica.com\/en\/wp-json\/wp\/v2\/users\/2"}],"replies":[{"embeddable":true,"href":"https:\/\/www.corporaciontecnologica.com\/en\/wp-json\/wp\/v2\/comments?post=13530"}],"version-history":[{"count":0,"href":"https:\/\/www.corporaciontecnologica.com\/en\/wp-json\/wp\/v2\/posts\/13530\/revisions"}],"wp:featuredmedia":[{"embeddable":true,"href":"https:\/\/www.corporaciontecnologica.com\/en\/wp-json\/wp\/v2\/media\/4366"}],"wp:attachment":[{"href":"https:\/\/www.corporaciontecnologica.com\/en\/wp-json\/wp\/v2\/media?parent=13530"}],"wp:term":[{"taxonomy":"category","embeddable":true,"href":"https:\/\/www.corporaciontecnologica.com\/en\/wp-json\/wp\/v2\/categories?post=13530"},{"taxonomy":"post_tag","embeddable":true,"href":"https:\/\/www.corporaciontecnologica.com\/en\/wp-json\/wp\/v2\/tags?post=13530"}],"curies":[{"name":"wp","href":"https:\/\/api.w.org\/{rel}","templated":true}]}}