{"id":61986,"date":"2025-01-24T11:19:45","date_gmt":"2025-01-24T10:19:45","guid":{"rendered":"https:\/\/www.corporaciontecnologica.com\/?p=61986"},"modified":"2025-06-10T09:24:43","modified_gmt":"2025-06-10T08:24:43","slug":"conoce-las-fechas-claves-del-calendario-de-ayudas-cdti-2025","status":"publish","type":"post","link":"https:\/\/www.corporaciontecnologica.com\/en\/conoce-las-fechas-claves-del-calendario-de-ayudas-cdti-2025\/","title":{"rendered":"Conoce las fechas claves del Calendario de Ayudas CDTI 2025"},"content":{"rendered":"\n<p>El <strong>Centro para el Desarrollo Tecnol\u00f3gico y la Innovaci\u00f3n (CDTI)<\/strong>, entidad p\u00fablica empresarial dependiente del Ministerio de Ciencia, Innovaci\u00f3n y Universidades, ha publicado el <strong>calendario de convocatorias para 2025<\/strong>. Este calendario incluye fechas clave para la apertura y cierre de programas de financiaci\u00f3n destinados a impulsar la innovaci\u00f3n y el desarrollo tecnol\u00f3gico en las empresas espa\u00f1olas.<\/p>\n\n\n\n<p>El CDTI, a trav\u00e9s de su labor, tiene como objetivo fortalecer la capacidad tecnol\u00f3gica de las empresas mediante la evaluaci\u00f3n, gesti\u00f3n y promoci\u00f3n de ayudas p\u00fablicas tanto en el \u00e1mbito nacional como internacional, adem\u00e1s de fomentar la creaci\u00f3n y consolidaci\u00f3n de empresas de base tecnol\u00f3gica.<\/p>\n\n\n\n<h3 class=\"wp-block-heading\" id=\"h-principales-objetivos-del-cdti\">Principales objetivos del CDTI<\/h3>\n\n\n\n<ul class=\"wp-block-list\">\n<li>Evaluar t\u00e9cnica y econ\u00f3micamente proyectos de I+D+i y otorgar ayudas p\u00fablicas en forma de subvenciones o pr\u00e9stamos con tramos no reembolsables.<\/li>\n\n\n\n<li>Gestionar y promover la participaci\u00f3n de empresas espa\u00f1olas en programas internacionales de cooperaci\u00f3n tecnol\u00f3gica.<\/li>\n\n\n\n<li>Fomentar la transferencia internacional de tecnolog\u00eda y apoyar la innovaci\u00f3n tecnol\u00f3gica empresarial.<\/li>\n\n\n\n<li>Respaldar la creaci\u00f3n y el crecimiento de empresas de base tecnol\u00f3gica, promoviendo el uso de conocimiento cient\u00edfico y tecnol\u00f3gico.<\/li>\n<\/ul>\n\n\n\n<h3 class=\"wp-block-heading\" id=\"h-convocatorias-destacadas-del-calendario-2025\">Convocatorias destacadas del calendario 2025<\/h3>\n\n\n\n<p>Entre las convocatorias previstas para este a\u00f1o, destacan las siguientes:<\/p>\n\n\n\n<ul class=\"wp-block-list\">\n<li><strong>Innterconecta STEP (FEDER):<\/strong> Apertura en marzo y cierre en mayo.<\/li>\n\n\n\n<li><strong>Neotec:<\/strong> Apertura en abril y cierre en mayo.<\/li>\n\n\n\n<li><strong>Misiones Ciencia e Innovaci\u00f3n:<\/strong> Apertura en mayo y cierre en junio.<\/li>\n\n\n\n<li><strong>Eurostars CoD7:<\/strong> Apertura en marzo y cierre en abril.<\/li>\n\n\n\n<li><strong>Sello de Excelencia + (FEDER):<\/strong> Apertura en marzo y cierre en abril.<\/li>\n<\/ul>\n\n\n\n<p>Adem\u00e1s, el calendario incluye otros programas como <strong>Cervera Centros, EuroHPC (DARE), SERA 2025 y Med4Cure (IPCEI Salud)<\/strong>.<\/p>\n\n\n\n<figure class=\"wp-block-image aligncenter size-large\"><img fetchpriority=\"high\" decoding=\"async\" width=\"1024\" height=\"900\" src=\"https:\/\/www.corporaciontecnologica.com\/wp-content\/uploads\/2025\/01\/APERTURA-1024x900.png\" alt=\"\" class=\"wp-image-61995\" srcset=\"https:\/\/www.corporaciontecnologica.com\/wp-content\/uploads\/2025\/01\/APERTURA-1024x900.png 1024w, https:\/\/www.corporaciontecnologica.com\/wp-content\/uploads\/2025\/01\/APERTURA-300x264.png 300w, https:\/\/www.corporaciontecnologica.com\/wp-content\/uploads\/2025\/01\/APERTURA-768x675.png 768w, https:\/\/www.corporaciontecnologica.com\/wp-content\/uploads\/2025\/01\/APERTURA.png 1366w\" sizes=\"(max-width: 1024px) 100vw, 1024px\" \/><\/figure>\n\n\n\n<h3 class=\"wp-block-heading\" id=\"h-como-puede-ayudarte-cta\">\u00bfC\u00f3mo puede ayudarte CTA?<\/h3>\n\n\n\n<p>CTA cuenta con una amplia experiencia en la preparaci\u00f3n y presentaci\u00f3n de propuestas para programas de financiaci\u00f3n del CDTI, como <strong>NEOTEC<\/strong>, donde hemos alcanzado una tasa de \u00e9xito del <strong>45%<\/strong>. Este programa apoya startups tecnol\u00f3gicas con vocaci\u00f3n de crecimiento, y gracias al apoyo de CTA, empresas como <strong>Inveert, 4i Intelligent Insights y Livelink Motor<\/strong> han logrado acceder a estas ayudas.<\/p>\n\n\n\n<p>Nuestro equipo puede ayudarte a:<\/p>\n\n\n\n<ul class=\"wp-block-list\">\n<li>Identificar la convocatoria que mejor se adapte a las necesidades de tu proyecto.<\/li>\n\n\n\n<li>Preparar propuestas s\u00f3lidas y competitivas.<\/li>\n\n\n\n<li>Facilitar conexiones estrat\u00e9gicas para maximizar el impacto de tus iniciativas.<\/li>\n<\/ul>\n\n\n\n<h3 class=\"wp-block-heading\" id=\"h-consulta-el-calendario-y-no-pierdas-la-oportunidad\">Consulta el calendario y no pierdas la oportunidad<\/h3>\n\n\n\n<p>El calendario de convocatorias est\u00e1 sujeto a posibles modificaciones dependiendo de la aprobaci\u00f3n de los Presupuestos Generales del Estado. Consulta las fechas actualizadas y m\u00e1s informaci\u00f3n en el <a href=\"https:\/\/www.cdti.es\/calendario-de-convocatorias\">portal oficial del CDTI<\/a>.<\/p>\n\n\n\n<p>Si necesitas asesoramiento o apoyo para participar en estas convocatorias, <strong>CTA est\u00e1 aqu\u00ed para ayudarte a transformar tus ideas en proyectos financiados<\/strong>.<br><br><a href=\"https:\/\/www.corporaciontecnologica.com\/contacto\/\"><strong>Cont\u00e1ctanos haciendo aqu\u00ed<\/strong><\/a><\/p>\n\n\n\n<p><\/p>\n","protected":false},"excerpt":{"rendered":"<p>El Centro para el Desarrollo Tecnol\u00f3gico y la Innovaci\u00f3n (CDTI), entidad p\u00fablica empresarial dependiente del Ministerio de Ciencia, Innovaci\u00f3n y Universidades, ha publicado el calendario de convocatorias para 2025. Este calendario incluye fechas clave para la apertura y cierre de programas de financiaci\u00f3n destinados a impulsar la innovaci\u00f3n y el desarrollo tecnol\u00f3gico en las empresas [&hellip;]<\/p>\n","protected":false},"author":15,"featured_media":62002,"comment_status":"closed","ping_status":"closed","sticky":false,"template":"","format":"standard","meta":{"footnotes":""},"categories":[197],"tags":[111,95,110],"class_list":["post-61986","post","type-post","status-publish","format-standard","has-post-thumbnail","hentry","category-cta-proyectos","tag-ayudas-a-la-idi","tag-emprendimiento-tecnologico","tag-financiacion-de-idi"],"yoast_head":"<!-- This site is optimized with the Yoast SEO Premium plugin v27.4 (Yoast SEO v27.4) - https:\/\/yoast.com\/product\/yoast-seo-premium-wordpress\/ -->\n<title>Conoce las fechas claves del Calendario de Ayudas CDTI 2025 - Corporaci\u00f3n Tecnol\u00f3gica de Andaluc\u00eda CTA<\/title>\n<meta name=\"robots\" content=\"index, follow, max-snippet:-1, max-image-preview:large, max-video-preview:-1\" \/>\n<link rel=\"canonical\" href=\"https:\/\/www.corporaciontecnologica.com\/conoce-las-fechas-claves-del-calendario-de-ayudas-cdti-2025\/\" \/>\n<meta property=\"og:locale\" content=\"en_US\" \/>\n<meta property=\"og:type\" content=\"article\" \/>\n<meta property=\"og:title\" content=\"Conoce las fechas claves del Calendario de Ayudas CDTI 2025\" \/>\n<meta property=\"og:description\" content=\"El Centro para el Desarrollo Tecnol\u00f3gico y la Innovaci\u00f3n (CDTI), entidad p\u00fablica empresarial dependiente del Ministerio de Ciencia, Innovaci\u00f3n y Universidades, ha publicado el calendario de convocatorias para 2025. Este calendario incluye fechas clave para la apertura y cierre de programas de financiaci\u00f3n destinados a impulsar la innovaci\u00f3n y el desarrollo tecnol\u00f3gico en las empresas [&hellip;]\" \/>\n<meta property=\"og:url\" content=\"https:\/\/www.corporaciontecnologica.com\/conoce-las-fechas-claves-del-calendario-de-ayudas-cdti-2025\/\" \/>\n<meta property=\"og:site_name\" content=\"Corporaci\u00f3n Tecnol\u00f3gica de Andaluc\u00eda CTA\" \/>\n<meta property=\"article:publisher\" content=\"https:\/\/www.facebook.com\/CTAndalucia\" \/>\n<meta property=\"article:published_time\" content=\"2025-01-24T10:19:45+00:00\" \/>\n<meta property=\"article:modified_time\" content=\"2025-06-10T08:24:43+00:00\" \/>\n<meta property=\"og:image\" content=\"https:\/\/www.corporaciontecnologica.com\/wp-content\/uploads\/2025\/01\/El-texto-del-parrafo-3-1024x626.png\" \/>\n\t<meta property=\"og:image:width\" content=\"1024\" \/>\n\t<meta property=\"og:image:height\" content=\"626\" \/>\n\t<meta property=\"og:image:type\" content=\"image\/png\" \/>\n<meta name=\"author\" content=\"Beatriz Colado Moreno\" \/>\n<meta name=\"twitter:card\" content=\"summary_large_image\" \/>\n<meta name=\"twitter:creator\" content=\"@CTAndalucia\" \/>\n<meta name=\"twitter:site\" content=\"@CTAndalucia\" \/>\n<meta name=\"twitter:label1\" content=\"Written by\" \/>\n\t<meta name=\"twitter:data1\" content=\"Beatriz Colado Moreno\" \/>\n\t<meta name=\"twitter:label2\" content=\"Est. reading time\" \/>\n\t<meta name=\"twitter:data2\" content=\"3 minutes\" \/>\n<script type=\"application\/ld+json\" class=\"yoast-schema-graph\">{\"@context\":\"https:\\\/\\\/schema.org\",\"@graph\":[{\"@type\":\"Article\",\"@id\":\"https:\\\/\\\/www.corporaciontecnologica.com\\\/conoce-las-fechas-claves-del-calendario-de-ayudas-cdti-2025\\\/#article\",\"isPartOf\":{\"@id\":\"https:\\\/\\\/www.corporaciontecnologica.com\\\/conoce-las-fechas-claves-del-calendario-de-ayudas-cdti-2025\\\/\"},\"author\":{\"name\":\"Beatriz Colado Moreno\",\"@id\":\"https:\\\/\\\/www.corporaciontecnologica.com\\\/#\\\/schema\\\/person\\\/e660e58749acd5c79cf9f6f23029daa8\"},\"headline\":\"Conoce las fechas claves del Calendario de Ayudas CDTI 2025\",\"datePublished\":\"2025-01-24T10:19:45+00:00\",\"dateModified\":\"2025-06-10T08:24:43+00:00\",\"mainEntityOfPage\":{\"@id\":\"https:\\\/\\\/www.corporaciontecnologica.com\\\/conoce-las-fechas-claves-del-calendario-de-ayudas-cdti-2025\\\/\"},\"wordCount\":470,\"publisher\":{\"@id\":\"https:\\\/\\\/www.corporaciontecnologica.com\\\/#organization\"},\"image\":{\"@id\":\"https:\\\/\\\/www.corporaciontecnologica.com\\\/conoce-las-fechas-claves-del-calendario-de-ayudas-cdti-2025\\\/#primaryimage\"},\"thumbnailUrl\":\"https:\\\/\\\/www.corporaciontecnologica.com\\\/wp-content\\\/uploads\\\/2025\\\/01\\\/El-texto-del-parrafo-3.png\",\"keywords\":[\"ayudas a la I+D+i\",\"emprendimiento tecnol\u00f3gico\",\"financiaci\u00f3n de I+D+i\"],\"articleSection\":[\"CTA Proyectos\"],\"inLanguage\":\"en-US\"},{\"@type\":\"WebPage\",\"@id\":\"https:\\\/\\\/www.corporaciontecnologica.com\\\/conoce-las-fechas-claves-del-calendario-de-ayudas-cdti-2025\\\/\",\"url\":\"https:\\\/\\\/www.corporaciontecnologica.com\\\/conoce-las-fechas-claves-del-calendario-de-ayudas-cdti-2025\\\/\",\"name\":\"Conoce las fechas claves del Calendario de Ayudas CDTI 2025 - Corporaci\u00f3n Tecnol\u00f3gica de Andaluc\u00eda CTA\",\"isPartOf\":{\"@id\":\"https:\\\/\\\/www.corporaciontecnologica.com\\\/#website\"},\"primaryImageOfPage\":{\"@id\":\"https:\\\/\\\/www.corporaciontecnologica.com\\\/conoce-las-fechas-claves-del-calendario-de-ayudas-cdti-2025\\\/#primaryimage\"},\"image\":{\"@id\":\"https:\\\/\\\/www.corporaciontecnologica.com\\\/conoce-las-fechas-claves-del-calendario-de-ayudas-cdti-2025\\\/#primaryimage\"},\"thumbnailUrl\":\"https:\\\/\\\/www.corporaciontecnologica.com\\\/wp-content\\\/uploads\\\/2025\\\/01\\\/El-texto-del-parrafo-3.png\",\"datePublished\":\"2025-01-24T10:19:45+00:00\",\"dateModified\":\"2025-06-10T08:24:43+00:00\",\"breadcrumb\":{\"@id\":\"https:\\\/\\\/www.corporaciontecnologica.com\\\/conoce-las-fechas-claves-del-calendario-de-ayudas-cdti-2025\\\/#breadcrumb\"},\"inLanguage\":\"en-US\",\"potentialAction\":[{\"@type\":\"ReadAction\",\"target\":[\"https:\\\/\\\/www.corporaciontecnologica.com\\\/conoce-las-fechas-claves-del-calendario-de-ayudas-cdti-2025\\\/\"]}]},{\"@type\":\"ImageObject\",\"inLanguage\":\"en-US\",\"@id\":\"https:\\\/\\\/www.corporaciontecnologica.com\\\/conoce-las-fechas-claves-del-calendario-de-ayudas-cdti-2025\\\/#primaryimage\",\"url\":\"https:\\\/\\\/www.corporaciontecnologica.com\\\/wp-content\\\/uploads\\\/2025\\\/01\\\/El-texto-del-parrafo-3.png\",\"contentUrl\":\"https:\\\/\\\/www.corporaciontecnologica.com\\\/wp-content\\\/uploads\\\/2025\\\/01\\\/El-texto-del-parrafo-3.png\",\"width\":1800,\"height\":1100},{\"@type\":\"BreadcrumbList\",\"@id\":\"https:\\\/\\\/www.corporaciontecnologica.com\\\/conoce-las-fechas-claves-del-calendario-de-ayudas-cdti-2025\\\/#breadcrumb\",\"itemListElement\":[{\"@type\":\"ListItem\",\"position\":1,\"name\":\"Home\",\"item\":\"https:\\\/\\\/www.corporaciontecnologica.com\\\/\"},{\"@type\":\"ListItem\",\"position\":2,\"name\":\"Conoce las fechas claves del Calendario de Ayudas CDTI 2025\"}]},{\"@type\":\"WebSite\",\"@id\":\"https:\\\/\\\/www.corporaciontecnologica.com\\\/#website\",\"url\":\"https:\\\/\\\/www.corporaciontecnologica.com\\\/\",\"name\":\"Corporaci\u00f3n Tecnol\u00f3gica de Andaluc\u00eda CTA\",\"description\":\"\",\"publisher\":{\"@id\":\"https:\\\/\\\/www.corporaciontecnologica.com\\\/#organization\"},\"potentialAction\":[{\"@type\":\"SearchAction\",\"target\":{\"@type\":\"EntryPoint\",\"urlTemplate\":\"https:\\\/\\\/www.corporaciontecnologica.com\\\/?s={search_term_string}\"},\"query-input\":{\"@type\":\"PropertyValueSpecification\",\"valueRequired\":true,\"valueName\":\"search_term_string\"}}],\"inLanguage\":\"en-US\"},{\"@type\":\"Organization\",\"@id\":\"https:\\\/\\\/www.corporaciontecnologica.com\\\/#organization\",\"name\":\"Corporaci\u00f3n Tecnol\u00f3gica de Andaluc\u00eda CTA\",\"url\":\"https:\\\/\\\/www.corporaciontecnologica.com\\\/\",\"logo\":{\"@type\":\"ImageObject\",\"inLanguage\":\"en-US\",\"@id\":\"https:\\\/\\\/www.corporaciontecnologica.com\\\/#\\\/schema\\\/logo\\\/image\\\/\",\"url\":\"https:\\\/\\\/www.corporaciontecnologica.com\\\/wp-content\\\/uploads\\\/2025\\\/01\\\/cropped-350x100TransparenteBlanco.png\",\"contentUrl\":\"https:\\\/\\\/www.corporaciontecnologica.com\\\/wp-content\\\/uploads\\\/2025\\\/01\\\/cropped-350x100TransparenteBlanco.png\",\"width\":349,\"height\":99,\"caption\":\"Corporaci\u00f3n Tecnol\u00f3gica de Andaluc\u00eda CTA\"},\"image\":{\"@id\":\"https:\\\/\\\/www.corporaciontecnologica.com\\\/#\\\/schema\\\/logo\\\/image\\\/\"},\"sameAs\":[\"https:\\\/\\\/www.facebook.com\\\/CTAndalucia\",\"https:\\\/\\\/x.com\\\/CTAndalucia\",\"https:\\\/\\\/www.linkedin.com\\\/company\\\/cta-corporaci-n-tecnol-gica-de-andaluc-a-\"]},{\"@type\":\"Person\",\"@id\":\"https:\\\/\\\/www.corporaciontecnologica.com\\\/#\\\/schema\\\/person\\\/e660e58749acd5c79cf9f6f23029daa8\",\"name\":\"Beatriz Colado Moreno\",\"image\":{\"@type\":\"ImageObject\",\"inLanguage\":\"en-US\",\"@id\":\"https:\\\/\\\/secure.gravatar.com\\\/avatar\\\/27b5fd1c5775acb45613e01e92dd4c0f36710bdfe890725b5c66a600ff75a954?s=96&d=mm&r=g\",\"url\":\"https:\\\/\\\/secure.gravatar.com\\\/avatar\\\/27b5fd1c5775acb45613e01e92dd4c0f36710bdfe890725b5c66a600ff75a954?s=96&d=mm&r=g\",\"contentUrl\":\"https:\\\/\\\/secure.gravatar.com\\\/avatar\\\/27b5fd1c5775acb45613e01e92dd4c0f36710bdfe890725b5c66a600ff75a954?s=96&d=mm&r=g\",\"caption\":\"Beatriz Colado Moreno\"},\"url\":\"https:\\\/\\\/www.corporaciontecnologica.com\\\/en\\\/author\\\/beatriz\\\/\"}]}<\/script>\n<!-- \/ Yoast SEO Premium plugin. -->","yoast_head_json":{"title":"Conoce las fechas claves del Calendario de Ayudas CDTI 2025 - Corporaci\u00f3n Tecnol\u00f3gica de Andaluc\u00eda CTA","robots":{"index":"index","follow":"follow","max-snippet":"max-snippet:-1","max-image-preview":"max-image-preview:large","max-video-preview":"max-video-preview:-1"},"canonical":"https:\/\/www.corporaciontecnologica.com\/conoce-las-fechas-claves-del-calendario-de-ayudas-cdti-2025\/","og_locale":"en_US","og_type":"article","og_title":"Conoce las fechas claves del Calendario de Ayudas CDTI 2025","og_description":"El Centro para el Desarrollo Tecnol\u00f3gico y la Innovaci\u00f3n (CDTI), entidad p\u00fablica empresarial dependiente del Ministerio de Ciencia, Innovaci\u00f3n y Universidades, ha publicado el calendario de convocatorias para 2025. Este calendario incluye fechas clave para la apertura y cierre de programas de financiaci\u00f3n destinados a impulsar la innovaci\u00f3n y el desarrollo tecnol\u00f3gico en las empresas [&hellip;]","og_url":"https:\/\/www.corporaciontecnologica.com\/conoce-las-fechas-claves-del-calendario-de-ayudas-cdti-2025\/","og_site_name":"Corporaci\u00f3n Tecnol\u00f3gica de Andaluc\u00eda CTA","article_publisher":"https:\/\/www.facebook.com\/CTAndalucia","article_published_time":"2025-01-24T10:19:45+00:00","article_modified_time":"2025-06-10T08:24:43+00:00","og_image":[{"width":1024,"height":626,"url":"https:\/\/www.corporaciontecnologica.com\/wp-content\/uploads\/2025\/01\/El-texto-del-parrafo-3-1024x626.png","type":"image\/png"}],"author":"Beatriz Colado Moreno","twitter_card":"summary_large_image","twitter_creator":"@CTAndalucia","twitter_site":"@CTAndalucia","twitter_misc":{"Written by":"Beatriz Colado Moreno","Est. reading time":"3 minutes"},"schema":{"@context":"https:\/\/schema.org","@graph":[{"@type":"Article","@id":"https:\/\/www.corporaciontecnologica.com\/conoce-las-fechas-claves-del-calendario-de-ayudas-cdti-2025\/#article","isPartOf":{"@id":"https:\/\/www.corporaciontecnologica.com\/conoce-las-fechas-claves-del-calendario-de-ayudas-cdti-2025\/"},"author":{"name":"Beatriz Colado Moreno","@id":"https:\/\/www.corporaciontecnologica.com\/#\/schema\/person\/e660e58749acd5c79cf9f6f23029daa8"},"headline":"Conoce las fechas claves del Calendario de Ayudas CDTI 2025","datePublished":"2025-01-24T10:19:45+00:00","dateModified":"2025-06-10T08:24:43+00:00","mainEntityOfPage":{"@id":"https:\/\/www.corporaciontecnologica.com\/conoce-las-fechas-claves-del-calendario-de-ayudas-cdti-2025\/"},"wordCount":470,"publisher":{"@id":"https:\/\/www.corporaciontecnologica.com\/#organization"},"image":{"@id":"https:\/\/www.corporaciontecnologica.com\/conoce-las-fechas-claves-del-calendario-de-ayudas-cdti-2025\/#primaryimage"},"thumbnailUrl":"https:\/\/www.corporaciontecnologica.com\/wp-content\/uploads\/2025\/01\/El-texto-del-parrafo-3.png","keywords":["ayudas a la I+D+i","emprendimiento tecnol\u00f3gico","financiaci\u00f3n de I+D+i"],"articleSection":["CTA Proyectos"],"inLanguage":"en-US"},{"@type":"WebPage","@id":"https:\/\/www.corporaciontecnologica.com\/conoce-las-fechas-claves-del-calendario-de-ayudas-cdti-2025\/","url":"https:\/\/www.corporaciontecnologica.com\/conoce-las-fechas-claves-del-calendario-de-ayudas-cdti-2025\/","name":"Conoce las fechas claves del Calendario de Ayudas CDTI 2025 - Corporaci\u00f3n Tecnol\u00f3gica de Andaluc\u00eda CTA","isPartOf":{"@id":"https:\/\/www.corporaciontecnologica.com\/#website"},"primaryImageOfPage":{"@id":"https:\/\/www.corporaciontecnologica.com\/conoce-las-fechas-claves-del-calendario-de-ayudas-cdti-2025\/#primaryimage"},"image":{"@id":"https:\/\/www.corporaciontecnologica.com\/conoce-las-fechas-claves-del-calendario-de-ayudas-cdti-2025\/#primaryimage"},"thumbnailUrl":"https:\/\/www.corporaciontecnologica.com\/wp-content\/uploads\/2025\/01\/El-texto-del-parrafo-3.png","datePublished":"2025-01-24T10:19:45+00:00","dateModified":"2025-06-10T08:24:43+00:00","breadcrumb":{"@id":"https:\/\/www.corporaciontecnologica.com\/conoce-las-fechas-claves-del-calendario-de-ayudas-cdti-2025\/#breadcrumb"},"inLanguage":"en-US","potentialAction":[{"@type":"ReadAction","target":["https:\/\/www.corporaciontecnologica.com\/conoce-las-fechas-claves-del-calendario-de-ayudas-cdti-2025\/"]}]},{"@type":"ImageObject","inLanguage":"en-US","@id":"https:\/\/www.corporaciontecnologica.com\/conoce-las-fechas-claves-del-calendario-de-ayudas-cdti-2025\/#primaryimage","url":"https:\/\/www.corporaciontecnologica.com\/wp-content\/uploads\/2025\/01\/El-texto-del-parrafo-3.png","contentUrl":"https:\/\/www.corporaciontecnologica.com\/wp-content\/uploads\/2025\/01\/El-texto-del-parrafo-3.png","width":1800,"height":1100},{"@type":"BreadcrumbList","@id":"https:\/\/www.corporaciontecnologica.com\/conoce-las-fechas-claves-del-calendario-de-ayudas-cdti-2025\/#breadcrumb","itemListElement":[{"@type":"ListItem","position":1,"name":"Home","item":"https:\/\/www.corporaciontecnologica.com\/"},{"@type":"ListItem","position":2,"name":"Conoce las fechas claves del Calendario de Ayudas CDTI 2025"}]},{"@type":"WebSite","@id":"https:\/\/www.corporaciontecnologica.com\/#website","url":"https:\/\/www.corporaciontecnologica.com\/","name":"Corporaci\u00f3n Tecnol\u00f3gica de Andaluc\u00eda CTA","description":"","publisher":{"@id":"https:\/\/www.corporaciontecnologica.com\/#organization"},"potentialAction":[{"@type":"SearchAction","target":{"@type":"EntryPoint","urlTemplate":"https:\/\/www.corporaciontecnologica.com\/?s={search_term_string}"},"query-input":{"@type":"PropertyValueSpecification","valueRequired":true,"valueName":"search_term_string"}}],"inLanguage":"en-US"},{"@type":"Organization","@id":"https:\/\/www.corporaciontecnologica.com\/#organization","name":"Corporaci\u00f3n Tecnol\u00f3gica de Andaluc\u00eda CTA","url":"https:\/\/www.corporaciontecnologica.com\/","logo":{"@type":"ImageObject","inLanguage":"en-US","@id":"https:\/\/www.corporaciontecnologica.com\/#\/schema\/logo\/image\/","url":"https:\/\/www.corporaciontecnologica.com\/wp-content\/uploads\/2025\/01\/cropped-350x100TransparenteBlanco.png","contentUrl":"https:\/\/www.corporaciontecnologica.com\/wp-content\/uploads\/2025\/01\/cropped-350x100TransparenteBlanco.png","width":349,"height":99,"caption":"Corporaci\u00f3n Tecnol\u00f3gica de Andaluc\u00eda CTA"},"image":{"@id":"https:\/\/www.corporaciontecnologica.com\/#\/schema\/logo\/image\/"},"sameAs":["https:\/\/www.facebook.com\/CTAndalucia","https:\/\/x.com\/CTAndalucia","https:\/\/www.linkedin.com\/company\/cta-corporaci-n-tecnol-gica-de-andaluc-a-"]},{"@type":"Person","@id":"https:\/\/www.corporaciontecnologica.com\/#\/schema\/person\/e660e58749acd5c79cf9f6f23029daa8","name":"Beatriz Colado Moreno","image":{"@type":"ImageObject","inLanguage":"en-US","@id":"https:\/\/secure.gravatar.com\/avatar\/27b5fd1c5775acb45613e01e92dd4c0f36710bdfe890725b5c66a600ff75a954?s=96&d=mm&r=g","url":"https:\/\/secure.gravatar.com\/avatar\/27b5fd1c5775acb45613e01e92dd4c0f36710bdfe890725b5c66a600ff75a954?s=96&d=mm&r=g","contentUrl":"https:\/\/secure.gravatar.com\/avatar\/27b5fd1c5775acb45613e01e92dd4c0f36710bdfe890725b5c66a600ff75a954?s=96&d=mm&r=g","caption":"Beatriz Colado Moreno"},"url":"https:\/\/www.corporaciontecnologica.com\/en\/author\/beatriz\/"}]}},"_links":{"self":[{"href":"https:\/\/www.corporaciontecnologica.com\/en\/wp-json\/wp\/v2\/posts\/61986","targetHints":{"allow":["GET"]}}],"collection":[{"href":"https:\/\/www.corporaciontecnologica.com\/en\/wp-json\/wp\/v2\/posts"}],"about":[{"href":"https:\/\/www.corporaciontecnologica.com\/en\/wp-json\/wp\/v2\/types\/post"}],"author":[{"embeddable":true,"href":"https:\/\/www.corporaciontecnologica.com\/en\/wp-json\/wp\/v2\/users\/15"}],"replies":[{"embeddable":true,"href":"https:\/\/www.corporaciontecnologica.com\/en\/wp-json\/wp\/v2\/comments?post=61986"}],"version-history":[{"count":1,"href":"https:\/\/www.corporaciontecnologica.com\/en\/wp-json\/wp\/v2\/posts\/61986\/revisions"}],"predecessor-version":[{"id":64503,"href":"https:\/\/www.corporaciontecnologica.com\/en\/wp-json\/wp\/v2\/posts\/61986\/revisions\/64503"}],"wp:featuredmedia":[{"embeddable":true,"href":"https:\/\/www.corporaciontecnologica.com\/en\/wp-json\/wp\/v2\/media\/62002"}],"wp:attachment":[{"href":"https:\/\/www.corporaciontecnologica.com\/en\/wp-json\/wp\/v2\/media?parent=61986"}],"wp:term":[{"taxonomy":"category","embeddable":true,"href":"https:\/\/www.corporaciontecnologica.com\/en\/wp-json\/wp\/v2\/categories?post=61986"},{"taxonomy":"post_tag","embeddable":true,"href":"https:\/\/www.corporaciontecnologica.com\/en\/wp-json\/wp\/v2\/tags?post=61986"}],"curies":[{"name":"wp","href":"https:\/\/api.w.org\/{rel}","templated":true}]}}