{"id":63142,"date":"2025-04-04T07:03:24","date_gmt":"2025-04-04T06:03:24","guid":{"rendered":"https:\/\/www.corporaciontecnologica.com\/?p=63142"},"modified":"2025-07-31T11:45:58","modified_gmt":"2025-07-31T10:45:58","slug":"programa-innterconecta-cdti-para-financiar-tu-proyecto-de-id-en-cooperacion","status":"publish","type":"post","link":"https:\/\/www.corporaciontecnologica.com\/en\/programa-innterconecta-cdti-para-financiar-tu-proyecto-de-id-en-cooperacion\/","title":{"rendered":"\u00bfPor qu\u00e9 te interesa el programa Innterconecta STEP del CDTI para financiar tu proyecto de I+D en cooperaci\u00f3n?"},"content":{"rendered":"\n<h6 class=\"wp-block-heading\" id=\"h-conoce-aqui-las-claves-que-ha-explicado-el-cdti-en-un-taller-informativo-organizado-por-cta-sobre-este-interesante-programa-que-cuenta-con-90m-para-subvencionar-hasta-el-65-80-segun-el-tamano-de-las-empresas-de-proyectos-plurirregionales-de-i-d-en-cooperacion-que-avancen-en-tecnologias-estrategicas-para-europa-step-la-convocatoria-estara-abierta-del-11-de-abril-al-21-de-mayo\">Conoce aqu\u00ed las claves que ha explicado el CDTI en un taller informativo organizado por CTA sobre este interesante programa que cuenta con 90M\u20ac para subvencionar hasta el 65%-80% (seg\u00fan el tama\u00f1o de las empresas) de proyectos plurirregionales de I+D en cooperaci\u00f3n que avancen en tecnolog\u00edas estrat\u00e9gicas para Europa (STEP). La convocatoria estar\u00e1 abierta del 11 de abril al 21 de mayo.<\/h6>\n\n\n\n<p>La jefa del departamento de Promoci\u00f3n Institucional y Cooperaci\u00f3n Territorial en el CDTI, Pilar Gonz\u00e1lez Gotor, ha participado en un taller organizado por CTA para informar a las empresas innovadoras del entorno de esta fundaci\u00f3n. Adem\u00e1s, ha ofrecido algunos consejos estrat\u00e9gicos para preparar las propuestas. L\u00e9elos m\u00e1s abajo en este art\u00edculo.<\/p>\n\n\n\n<figure class=\"wp-block-image size-large is-resized\"><img fetchpriority=\"high\" decoding=\"async\" width=\"1024\" height=\"1024\" src=\"https:\/\/www.corporaciontecnologica.com\/wp-content\/uploads\/2025\/04\/PlazoampliadoInnterconecta-1024x1024.png\" alt=\"\" class=\"wp-image-63936\" style=\"width:624px;height:auto\" srcset=\"https:\/\/www.corporaciontecnologica.com\/wp-content\/uploads\/2025\/04\/PlazoampliadoInnterconecta-1024x1024.png 1024w, https:\/\/www.corporaciontecnologica.com\/wp-content\/uploads\/2025\/04\/PlazoampliadoInnterconecta-300x300.png 300w, https:\/\/www.corporaciontecnologica.com\/wp-content\/uploads\/2025\/04\/PlazoampliadoInnterconecta-150x150.png 150w, https:\/\/www.corporaciontecnologica.com\/wp-content\/uploads\/2025\/04\/PlazoampliadoInnterconecta-768x768.png 768w, https:\/\/www.corporaciontecnologica.com\/wp-content\/uploads\/2025\/04\/PlazoampliadoInnterconecta.png 1080w\" sizes=\"(max-width: 1024px) 100vw, 1024px\" \/><\/figure>\n\n\n\n<h3 class=\"wp-block-heading\" id=\"h-consejos-del-cdti-para-preparar-propuestas-exitosas\">Consejos del CDTI para preparar propuestas exitosas<\/h3>\n\n\n\n<p>La jefa del departamento de Promoci\u00f3n Institucional y Cooperaci\u00f3n Territorial en el CDTI ha ofrecido algunos <em>tips<\/em> estrat\u00e9gicos para preparar propuestas ganadoras en la pr\u00f3xima convocatoria Innterconecta STEP. Toma nota:<\/p>\n\n\n\n<ul class=\"wp-block-list\">\n<li><strong>Busca la excelencia<\/strong>. No hay un reparto establecido de los 90M\u20ac disponibles entre las diferentes tecnolog\u00edas, sino que el criterio ser\u00e1 la excelencia. Las mejores propuestas que cumplan todos los requisitos obtendr\u00e1n la financiaci\u00f3n.<\/li>\n\n\n\n<li>Es una gran<strong> oportunidad para las empresas de las regiones beneficiarias de fondos FEDER (Andaluc\u00eda,<\/strong> Canarias, Castilla-La Mancha, Castilla y Le\u00f3n, Ceuta, Comunidad Valenciana, Extremadura, Galicia, Melilla y Murcia), ya que empresas de regiones m\u00e1s avanzadas como Madrid, El Pa\u00eds Vasco o Catalu\u00f1a no pueden acceder a ellas y, por lo tanto, hay menos competencia. De los 90 millones de euros del presupuesto total de la convocatoria, <strong>68 millones de euros corresponden a Andaluc\u00eda.<\/strong><\/li>\n\n\n\n<li>Como m\u00ednimo habr\u00e1 un mes de plazo para preparar las propuestas, pero al haberse adelantado las condiciones de la convocatoria (ver aqu\u00ed), lo mejor es que comiences a buscar a tus socios y<strong> preparar la propuesta cuanto antes.<\/strong><\/li>\n\n\n\n<li>Prepara la memoria del proyecto de acuerdo con los<strong> criterios de evaluaci\u00f3n<\/strong> (ver abajo) ya que facilitar\u00e1 su lectura y evitar\u00e1 que pase desapercibido ning\u00fan detalle por el que puedas ganar puntos.<\/li>\n\n\n\n<li>Al argumentar la propuesta, ten en cuenta el objetivo general del CDTI de &#8220;conseguir que el tejido empresarial espa\u00f1ol genere y transforme el conocimiento cient\u00edfico-t\u00e9cnico en crecimiento sostenible y globalmente competitivo\u201d y que ese crecimiento se consigue a trav\u00e9s de la<strong> llegada al mercado del desarrollo tecnol\u00f3gico.<\/strong><\/li>\n<\/ul>\n\n\n\n<figure class=\"wp-block-image size-full\"><img decoding=\"async\" width=\"887\" height=\"450\" src=\"https:\/\/www.corporaciontecnologica.com\/wp-content\/uploads\/2025\/04\/CTA_CDTI2.jpg\" alt=\"\" class=\"wp-image-63179\" srcset=\"https:\/\/www.corporaciontecnologica.com\/wp-content\/uploads\/2025\/04\/CTA_CDTI2.jpg 887w, https:\/\/www.corporaciontecnologica.com\/wp-content\/uploads\/2025\/04\/CTA_CDTI2-300x152.jpg 300w, https:\/\/www.corporaciontecnologica.com\/wp-content\/uploads\/2025\/04\/CTA_CDTI2-768x390.jpg 768w\" sizes=\"(max-width: 887px) 100vw, 887px\" \/><\/figure>\n\n\n\n<h3 class=\"wp-block-heading\" id=\"h-objetivo-y-caracteristicas-de-la-convocatoria-innterconecta-step-2025\">Objetivo y caracter\u00edsticas de la convocatoria Innterconecta STEP 2025<\/h3>\n\n\n\n<p>El objetivo del programa Innterconecta STEP del CDTI es financiar <strong>proyectos de I+D en cooperaci\u00f3n, <\/strong>liderados por empresas, que se desarrollen uno de los <strong>\u00e1mbitos tecnol\u00f3gicos STEP (tecnolog\u00edas estrat\u00e9gicas para Europa<\/strong>): Tecnolog\u00edas digitales, Tecnolog\u00edas limpias y eficientes en el uso de los recursos, Biotecnolog\u00edas (Puedes ver m\u00e1s detalle de <a href=\"http:\/\/data.europa.eu\/eli\/reg\/2024\/795\/oj\/spa\">cu\u00e1les son estas tecnolog\u00edas STEP aqu\u00ed)<\/a><\/p>\n\n\n\n<p>La convocatoria es en <strong>concurrencia competitiva<\/strong>, estar\u00e1 abierta del 11 de abril al 21 de mayo, y cuenta con un presupuesto total de 90M\u20ac. Est\u00e1 cofinanciada por el Programa Plurirregional 2021-2027 de los Fondos FEDER de la UE y se rige por el reglamento STEP y la <a href=\"https:\/\/www.boe.es\/eli\/es\/o\/2025\/02\/07\/cnu161\">Orden de Bases del CDTI.<\/a><\/p>\n\n\n\n<h3 class=\"wp-block-heading\" id=\"h-quienes-pueden-ser-los-beneficiarios\">\u00bfQui\u00e9nes pueden ser los beneficiarios?<\/h3>\n\n\n\n<p>Los beneficiarios del programa Innterconecta STEP 2025 son <strong>agrupaciones de 2 a 6 empresas<\/strong>, entre las que al menos 2 deben ser aut\u00f3nomas (es decir, no pertenecientes al mismo grupo) y al menos 1 debe tener categor\u00eda de pyme. Recuerda que CTA te puede ayudar a encontrar los mejores aliados para el consorcio. Es importante que todos tengan una participaci\u00f3n justificada en el proyecto.<\/p>\n\n\n\n<p>Es necesario que exista un <strong>consorcio regulado<\/strong> por un acuerdo interno suscrito antes de presentar la solicitud a la convocatoria y debe haber un coordinador o representante ante el CDTI.<\/p>\n\n\n\n<p>Ojo: es necesario que todas las empresas participantes en el consorcio est\u00e9n <strong>ubicadas en las comunidades aut\u00f3nomas beneficiarias de Fondos FEDER <\/strong>(citadas arriba) y que el trabajo se ejecute en sus instalaciones o centros en esas CCAA. De lo contrario, el proyecto no ser\u00e1 elegible.<\/p>\n\n\n\n<h3 class=\"wp-block-heading\" id=\"h-que-caracteristicas-deben-tener-los-proyectos-y-cuales-son-los-criterios-de-evaluacion\">\u00bfQu\u00e9 caracter\u00edsticas deben tener los proyectos y cu\u00e1les son los criterios de evaluaci\u00f3n?<\/h3>\n\n\n\n<p>Los proyectos son <strong>plurianuales<\/strong> y deben ejecutarse al menos en <strong>dos de las diez comunidades aut\u00f3nomas <\/strong>beneficiarias de los fondos <strong>FEDER <\/strong>(citadas arriba) y entre las cuales se encuentra Andaluc\u00eda.<\/p>\n\n\n\n<p>El presupuesto total del proyecto debe oscilar entre un<strong> m\u00ednimo de 1M\u20ac y un m\u00e1ximo de 4 M\u20ac<\/strong>. Adem\u00e1s, ing\u00fan participante puede tener m\u00e1s del 70% del presupuesto elegible. Al menos un 10% del presupuesto debe subcontratarse a <strong>organismos de investigaci\u00f3n<\/strong> para garantizar la transferencia de tecnolog\u00eda.<\/p>\n\n\n\n<p>El proyecto debe comenzar en 2025 y debe tener una distribuci\u00f3n equilibrada a lo largo de toda la vida del proyecto. Tambi\u00e9n debe cumplir con el principio DNSH. Una vez concedida la ayuda, se puede conseguir el informe motivado para las ventajas fiscales.<\/p>\n\n\n\n<p>En cuanto a los <strong>criterios de evaluaci\u00f3n<\/strong>, es clave preparar la memoria facilitando la comprobaci\u00f3n de su cumplimiento y hay que tener en cuenta que se le da mucho valor a la capacidad del consorcio, a diferencia de otros programas:<\/p>\n\n\n\n<ul class=\"wp-block-list\">\n<li><strong>Contribuci\u00f3n al desarrollo de tecnolog\u00edas fundamentales en la UE<\/strong>, tecnolog\u00eda e innovaci\u00f3n de la propuesta: punt\u00faa de 0-15 con un umbral de 7, que si no se cumple, deja de ser elegible.<\/li>\n\n\n\n<li><strong>Calidad de la propuesta t\u00e9cnica<\/strong>, plan de ejecuci\u00f3n y explotaci\u00f3n de los resultados: punt\u00faa de 0-30 puntos, con un umbral de 15 \u2013 Es importante explicar c\u00f3mo se va a conseguir que el producto llegue al mercado y contribuya a que las empresas crezcan.<\/li>\n\n\n\n<li><strong>Capacidad del consorcio<\/strong> en relaci\u00f3n con la propuesta: punt\u00faa de 0-35 puntos \u2013 Los consorcios tienen que tener sentido, todos los miembros tienen que tener actividad de I+D.<\/li>\n\n\n\n<li><strong>Valoraci\u00f3n del impacto socioecon\u00f3mico y medioambiental: <\/strong>punt\u00faa de 0-20 puntos. \u00a1Ojo!: este apartado punt\u00faa m\u00e1s que la tecnolog\u00eda. Es importante explicar por qu\u00e9 el proyecto es bueno para la sociedad y cu\u00e1l es su impacto positivo en la sociedad y el medio ambiente.<\/li>\n<\/ul>\n\n\n\n<h3 class=\"wp-block-heading\" id=\"h-como-saber-que-costes-son-elegibles-y-cuales-son-las-tecnologias-step\">\u00bfC\u00f3mo saber qu\u00e9 costes son elegibles y cu\u00e1les son las tecnolog\u00edas STEP?<\/h3>\n\n\n\n<p>Los costes elegibles del proyecto estar\u00e1n descritos con detalle en la convocatoria, pero pueden consultarse ya en la<a href=\"https:\/\/www.boe.es\/eli\/es\/o\/2025\/02\/07\/cnu161\"> Orden de Bases (ver aqu\u00ed)<\/a> y tambi\u00e9n pueden consultarse en <a href=\"https:\/\/www.cdti.es\/ayudas\/innterconecta-step\">esta ficha del CDTI.<\/a><\/p>\n\n\n\n<p>En cuanto a las tecnolog\u00edas incluidas dentro de aquellas consideradas estrat\u00e9gicas para Europa (STEP) y englobadas en tres grades \u00e1reas: las tecnolog\u00edas digitales, las tecnolog\u00edas limpias y eficientes en el uso de los recursos y las biotecnolog\u00edas. El objetivo general es reforzar la soberan\u00eda y la competitividad a largo plazo de la UE en materia de tecnolog\u00edas cr\u00edticas. El detalle de las tecnolog\u00edas concretas que est\u00e1n incluidas en cada una de estas tres \u00e1reas<a href=\"https:\/\/ec.europa.eu\/commission\/presscorner\/detail\/es\/ip_23_3364\"> se puede consultar aqu\u00ed.<\/a><\/p>\n\n\n\n<blockquote class=\"wp-block-quote is-layout-flow wp-block-quote-is-layout-flow\">\n<blockquote class=\"wp-block-quote is-layout-flow wp-block-quote-is-layout-flow\">\n<p>Si tienes m\u00e1s dudas o necesitas ayuda para montar el consorcio, \u00a1no dudes en contactar con nosotros! <strong>tecnico@corporaciontecnologica.com<\/strong><\/p>\n<\/blockquote>\n<\/blockquote>\n","protected":false},"excerpt":{"rendered":"<p>CTA te puede ayudar a buscar los socios m\u00e1s adecuados con los que constituir el consorcio necesario para optar a estas ventajosas ayudas. Andaluc\u00eda tiene grandes oportunidades al ser regi\u00f3n beneficiaria FEDER (68M\u20ac).<\/p>\n","protected":false},"author":15,"featured_media":63151,"comment_status":"closed","ping_status":"closed","sticky":false,"template":"","format":"standard","meta":{"footnotes":""},"categories":[197,224,324],"tags":[],"class_list":["post-63142","post","type-post","status-publish","format-standard","has-post-thumbnail","hentry","category-cta-proyectos","category-estrategia-de-i-d-i","category-financiacion"],"yoast_head":"<!-- This site is optimized with the Yoast SEO Premium plugin v27.4 (Yoast SEO v27.4) - https:\/\/yoast.com\/product\/yoast-seo-premium-wordpress\/ -->\n<title>\u00bfPor qu\u00e9 te interesa el programa Innterconecta STEP del CDTI para financiar tu proyecto de I+D en cooperaci\u00f3n? - Corporaci\u00f3n Tecnol\u00f3gica de Andaluc\u00eda CTA<\/title>\n<meta name=\"description\" content=\"Conoce aqu\u00ed las claves que ha explicado el CDTI en un taller informativo organizado por CTA sobre este interesante programa que cuenta con 90M\u20ac para subvencionar hasta el 65%-80% (seg\u00fan el tama\u00f1o de las empresas) de proyectos de I+D en cooperaci\u00f3n que avancen en tecnolog\u00edas estrat\u00e9gicas para Europa (STEP).\" \/>\n<meta name=\"robots\" content=\"index, follow, max-snippet:-1, max-image-preview:large, max-video-preview:-1\" \/>\n<link rel=\"canonical\" href=\"https:\/\/www.corporaciontecnologica.com\/programa-innterconecta-cdti-para-financiar-tu-proyecto-de-id-en-cooperacion\/\" \/>\n<meta property=\"og:locale\" content=\"en_US\" \/>\n<meta property=\"og:type\" content=\"article\" \/>\n<meta property=\"og:title\" content=\"\u00bfPor qu\u00e9 te interesa el programa Innterconecta STEP del CDTI para financiar tu proyecto de I+D en cooperaci\u00f3n?\" \/>\n<meta property=\"og:description\" content=\"Conoce aqu\u00ed las claves que ha explicado el CDTI en un taller informativo organizado por CTA sobre este interesante programa que cuenta con 90M\u20ac para subvencionar hasta el 65%-80% (seg\u00fan el tama\u00f1o de las empresas) de proyectos de I+D en cooperaci\u00f3n que avancen en tecnolog\u00edas estrat\u00e9gicas para Europa (STEP).\" \/>\n<meta property=\"og:url\" content=\"https:\/\/www.corporaciontecnologica.com\/programa-innterconecta-cdti-para-financiar-tu-proyecto-de-id-en-cooperacion\/\" \/>\n<meta property=\"og:site_name\" content=\"Corporaci\u00f3n Tecnol\u00f3gica de Andaluc\u00eda CTA\" \/>\n<meta property=\"article:publisher\" content=\"https:\/\/www.facebook.com\/CTAndalucia\" \/>\n<meta property=\"article:published_time\" content=\"2025-04-04T06:03:24+00:00\" \/>\n<meta property=\"article:modified_time\" content=\"2025-07-31T10:45:58+00:00\" \/>\n<meta property=\"og:image\" content=\"https:\/\/www.corporaciontecnologica.com\/wp-content\/uploads\/2025\/04\/Diseno-sin-titulo-1024x576.png\" \/>\n\t<meta property=\"og:image:width\" content=\"1024\" \/>\n\t<meta property=\"og:image:height\" content=\"576\" \/>\n\t<meta property=\"og:image:type\" content=\"image\/png\" \/>\n<meta name=\"author\" content=\"Beatriz Colado Moreno\" \/>\n<meta name=\"twitter:card\" content=\"summary_large_image\" \/>\n<meta name=\"twitter:creator\" content=\"@CTAndalucia\" \/>\n<meta name=\"twitter:site\" content=\"@CTAndalucia\" \/>\n<meta name=\"twitter:label1\" content=\"Written by\" \/>\n\t<meta name=\"twitter:data1\" content=\"Beatriz Colado Moreno\" \/>\n\t<meta name=\"twitter:label2\" content=\"Est. reading time\" \/>\n\t<meta name=\"twitter:data2\" content=\"6 minutes\" \/>\n<script type=\"application\/ld+json\" class=\"yoast-schema-graph\">{\"@context\":\"https:\\\/\\\/schema.org\",\"@graph\":[{\"@type\":\"Article\",\"@id\":\"https:\\\/\\\/www.corporaciontecnologica.com\\\/programa-innterconecta-cdti-para-financiar-tu-proyecto-de-id-en-cooperacion\\\/#article\",\"isPartOf\":{\"@id\":\"https:\\\/\\\/www.corporaciontecnologica.com\\\/programa-innterconecta-cdti-para-financiar-tu-proyecto-de-id-en-cooperacion\\\/\"},\"author\":{\"name\":\"Beatriz Colado Moreno\",\"@id\":\"https:\\\/\\\/www.corporaciontecnologica.com\\\/#\\\/schema\\\/person\\\/e660e58749acd5c79cf9f6f23029daa8\"},\"headline\":\"\u00bfPor qu\u00e9 te interesa el programa Innterconecta STEP del CDTI para financiar tu proyecto de I+D en cooperaci\u00f3n?\",\"datePublished\":\"2025-04-04T06:03:24+00:00\",\"dateModified\":\"2025-07-31T10:45:58+00:00\",\"mainEntityOfPage\":{\"@id\":\"https:\\\/\\\/www.corporaciontecnologica.com\\\/programa-innterconecta-cdti-para-financiar-tu-proyecto-de-id-en-cooperacion\\\/\"},\"wordCount\":1203,\"publisher\":{\"@id\":\"https:\\\/\\\/www.corporaciontecnologica.com\\\/#organization\"},\"image\":{\"@id\":\"https:\\\/\\\/www.corporaciontecnologica.com\\\/programa-innterconecta-cdti-para-financiar-tu-proyecto-de-id-en-cooperacion\\\/#primaryimage\"},\"thumbnailUrl\":\"https:\\\/\\\/www.corporaciontecnologica.com\\\/wp-content\\\/uploads\\\/2025\\\/04\\\/Diseno-sin-titulo.png\",\"articleSection\":[\"CTA Proyectos\",\"Estrategia de I+D+i\",\"Financiaci\u00f3n\"],\"inLanguage\":\"en-US\"},{\"@type\":\"WebPage\",\"@id\":\"https:\\\/\\\/www.corporaciontecnologica.com\\\/programa-innterconecta-cdti-para-financiar-tu-proyecto-de-id-en-cooperacion\\\/\",\"url\":\"https:\\\/\\\/www.corporaciontecnologica.com\\\/programa-innterconecta-cdti-para-financiar-tu-proyecto-de-id-en-cooperacion\\\/\",\"name\":\"\u00bfPor qu\u00e9 te interesa el programa Innterconecta STEP del CDTI para financiar tu proyecto de I+D en cooperaci\u00f3n? - Corporaci\u00f3n Tecnol\u00f3gica de Andaluc\u00eda CTA\",\"isPartOf\":{\"@id\":\"https:\\\/\\\/www.corporaciontecnologica.com\\\/#website\"},\"primaryImageOfPage\":{\"@id\":\"https:\\\/\\\/www.corporaciontecnologica.com\\\/programa-innterconecta-cdti-para-financiar-tu-proyecto-de-id-en-cooperacion\\\/#primaryimage\"},\"image\":{\"@id\":\"https:\\\/\\\/www.corporaciontecnologica.com\\\/programa-innterconecta-cdti-para-financiar-tu-proyecto-de-id-en-cooperacion\\\/#primaryimage\"},\"thumbnailUrl\":\"https:\\\/\\\/www.corporaciontecnologica.com\\\/wp-content\\\/uploads\\\/2025\\\/04\\\/Diseno-sin-titulo.png\",\"datePublished\":\"2025-04-04T06:03:24+00:00\",\"dateModified\":\"2025-07-31T10:45:58+00:00\",\"description\":\"Conoce aqu\u00ed las claves que ha explicado el CDTI en un taller informativo organizado por CTA sobre este interesante programa que cuenta con 90M\u20ac para subvencionar hasta el 65%-80% (seg\u00fan el tama\u00f1o de las empresas) de proyectos de I+D en cooperaci\u00f3n que avancen en tecnolog\u00edas estrat\u00e9gicas para Europa (STEP).\",\"breadcrumb\":{\"@id\":\"https:\\\/\\\/www.corporaciontecnologica.com\\\/programa-innterconecta-cdti-para-financiar-tu-proyecto-de-id-en-cooperacion\\\/#breadcrumb\"},\"inLanguage\":\"en-US\",\"potentialAction\":[{\"@type\":\"ReadAction\",\"target\":[\"https:\\\/\\\/www.corporaciontecnologica.com\\\/programa-innterconecta-cdti-para-financiar-tu-proyecto-de-id-en-cooperacion\\\/\"]}]},{\"@type\":\"ImageObject\",\"inLanguage\":\"en-US\",\"@id\":\"https:\\\/\\\/www.corporaciontecnologica.com\\\/programa-innterconecta-cdti-para-financiar-tu-proyecto-de-id-en-cooperacion\\\/#primaryimage\",\"url\":\"https:\\\/\\\/www.corporaciontecnologica.com\\\/wp-content\\\/uploads\\\/2025\\\/04\\\/Diseno-sin-titulo.png\",\"contentUrl\":\"https:\\\/\\\/www.corporaciontecnologica.com\\\/wp-content\\\/uploads\\\/2025\\\/04\\\/Diseno-sin-titulo.png\",\"width\":1920,\"height\":1080,\"caption\":\"Fondo Innterconecta STEP CDTI CTA\"},{\"@type\":\"BreadcrumbList\",\"@id\":\"https:\\\/\\\/www.corporaciontecnologica.com\\\/programa-innterconecta-cdti-para-financiar-tu-proyecto-de-id-en-cooperacion\\\/#breadcrumb\",\"itemListElement\":[{\"@type\":\"ListItem\",\"position\":1,\"name\":\"Home\",\"item\":\"https:\\\/\\\/www.corporaciontecnologica.com\\\/\"},{\"@type\":\"ListItem\",\"position\":2,\"name\":\"\u00bfPor qu\u00e9 te interesa el programa Innterconecta STEP del CDTI para financiar tu proyecto de I+D en cooperaci\u00f3n?\"}]},{\"@type\":\"WebSite\",\"@id\":\"https:\\\/\\\/www.corporaciontecnologica.com\\\/#website\",\"url\":\"https:\\\/\\\/www.corporaciontecnologica.com\\\/\",\"name\":\"Corporaci\u00f3n Tecnol\u00f3gica de Andaluc\u00eda CTA\",\"description\":\"\",\"publisher\":{\"@id\":\"https:\\\/\\\/www.corporaciontecnologica.com\\\/#organization\"},\"potentialAction\":[{\"@type\":\"SearchAction\",\"target\":{\"@type\":\"EntryPoint\",\"urlTemplate\":\"https:\\\/\\\/www.corporaciontecnologica.com\\\/?s={search_term_string}\"},\"query-input\":{\"@type\":\"PropertyValueSpecification\",\"valueRequired\":true,\"valueName\":\"search_term_string\"}}],\"inLanguage\":\"en-US\"},{\"@type\":\"Organization\",\"@id\":\"https:\\\/\\\/www.corporaciontecnologica.com\\\/#organization\",\"name\":\"Corporaci\u00f3n Tecnol\u00f3gica de Andaluc\u00eda CTA\",\"url\":\"https:\\\/\\\/www.corporaciontecnologica.com\\\/\",\"logo\":{\"@type\":\"ImageObject\",\"inLanguage\":\"en-US\",\"@id\":\"https:\\\/\\\/www.corporaciontecnologica.com\\\/#\\\/schema\\\/logo\\\/image\\\/\",\"url\":\"https:\\\/\\\/www.corporaciontecnologica.com\\\/wp-content\\\/uploads\\\/2025\\\/01\\\/cropped-350x100TransparenteBlanco.png\",\"contentUrl\":\"https:\\\/\\\/www.corporaciontecnologica.com\\\/wp-content\\\/uploads\\\/2025\\\/01\\\/cropped-350x100TransparenteBlanco.png\",\"width\":349,\"height\":99,\"caption\":\"Corporaci\u00f3n Tecnol\u00f3gica de Andaluc\u00eda CTA\"},\"image\":{\"@id\":\"https:\\\/\\\/www.corporaciontecnologica.com\\\/#\\\/schema\\\/logo\\\/image\\\/\"},\"sameAs\":[\"https:\\\/\\\/www.facebook.com\\\/CTAndalucia\",\"https:\\\/\\\/x.com\\\/CTAndalucia\",\"https:\\\/\\\/www.linkedin.com\\\/company\\\/cta-corporaci-n-tecnol-gica-de-andaluc-a-\"]},{\"@type\":\"Person\",\"@id\":\"https:\\\/\\\/www.corporaciontecnologica.com\\\/#\\\/schema\\\/person\\\/e660e58749acd5c79cf9f6f23029daa8\",\"name\":\"Beatriz Colado Moreno\",\"image\":{\"@type\":\"ImageObject\",\"inLanguage\":\"en-US\",\"@id\":\"https:\\\/\\\/secure.gravatar.com\\\/avatar\\\/27b5fd1c5775acb45613e01e92dd4c0f36710bdfe890725b5c66a600ff75a954?s=96&d=mm&r=g\",\"url\":\"https:\\\/\\\/secure.gravatar.com\\\/avatar\\\/27b5fd1c5775acb45613e01e92dd4c0f36710bdfe890725b5c66a600ff75a954?s=96&d=mm&r=g\",\"contentUrl\":\"https:\\\/\\\/secure.gravatar.com\\\/avatar\\\/27b5fd1c5775acb45613e01e92dd4c0f36710bdfe890725b5c66a600ff75a954?s=96&d=mm&r=g\",\"caption\":\"Beatriz Colado Moreno\"},\"url\":\"https:\\\/\\\/www.corporaciontecnologica.com\\\/en\\\/author\\\/beatriz\\\/\"}]}<\/script>\n<!-- \/ Yoast SEO Premium plugin. -->","yoast_head_json":{"title":"\u00bfPor qu\u00e9 te interesa el programa Innterconecta STEP del CDTI para financiar tu proyecto de I+D en cooperaci\u00f3n? - Corporaci\u00f3n Tecnol\u00f3gica de Andaluc\u00eda CTA","description":"Conoce aqu\u00ed las claves que ha explicado el CDTI en un taller informativo organizado por CTA sobre este interesante programa que cuenta con 90M\u20ac para subvencionar hasta el 65%-80% (seg\u00fan el tama\u00f1o de las empresas) de proyectos de I+D en cooperaci\u00f3n que avancen en tecnolog\u00edas estrat\u00e9gicas para Europa (STEP).","robots":{"index":"index","follow":"follow","max-snippet":"max-snippet:-1","max-image-preview":"max-image-preview:large","max-video-preview":"max-video-preview:-1"},"canonical":"https:\/\/www.corporaciontecnologica.com\/programa-innterconecta-cdti-para-financiar-tu-proyecto-de-id-en-cooperacion\/","og_locale":"en_US","og_type":"article","og_title":"\u00bfPor qu\u00e9 te interesa el programa Innterconecta STEP del CDTI para financiar tu proyecto de I+D en cooperaci\u00f3n?","og_description":"Conoce aqu\u00ed las claves que ha explicado el CDTI en un taller informativo organizado por CTA sobre este interesante programa que cuenta con 90M\u20ac para subvencionar hasta el 65%-80% (seg\u00fan el tama\u00f1o de las empresas) de proyectos de I+D en cooperaci\u00f3n que avancen en tecnolog\u00edas estrat\u00e9gicas para Europa (STEP).","og_url":"https:\/\/www.corporaciontecnologica.com\/programa-innterconecta-cdti-para-financiar-tu-proyecto-de-id-en-cooperacion\/","og_site_name":"Corporaci\u00f3n Tecnol\u00f3gica de Andaluc\u00eda CTA","article_publisher":"https:\/\/www.facebook.com\/CTAndalucia","article_published_time":"2025-04-04T06:03:24+00:00","article_modified_time":"2025-07-31T10:45:58+00:00","og_image":[{"width":1024,"height":576,"url":"https:\/\/www.corporaciontecnologica.com\/wp-content\/uploads\/2025\/04\/Diseno-sin-titulo-1024x576.png","type":"image\/png"}],"author":"Beatriz Colado Moreno","twitter_card":"summary_large_image","twitter_creator":"@CTAndalucia","twitter_site":"@CTAndalucia","twitter_misc":{"Written by":"Beatriz Colado Moreno","Est. reading time":"6 minutes"},"schema":{"@context":"https:\/\/schema.org","@graph":[{"@type":"Article","@id":"https:\/\/www.corporaciontecnologica.com\/programa-innterconecta-cdti-para-financiar-tu-proyecto-de-id-en-cooperacion\/#article","isPartOf":{"@id":"https:\/\/www.corporaciontecnologica.com\/programa-innterconecta-cdti-para-financiar-tu-proyecto-de-id-en-cooperacion\/"},"author":{"name":"Beatriz Colado Moreno","@id":"https:\/\/www.corporaciontecnologica.com\/#\/schema\/person\/e660e58749acd5c79cf9f6f23029daa8"},"headline":"\u00bfPor qu\u00e9 te interesa el programa Innterconecta STEP del CDTI para financiar tu proyecto de I+D en cooperaci\u00f3n?","datePublished":"2025-04-04T06:03:24+00:00","dateModified":"2025-07-31T10:45:58+00:00","mainEntityOfPage":{"@id":"https:\/\/www.corporaciontecnologica.com\/programa-innterconecta-cdti-para-financiar-tu-proyecto-de-id-en-cooperacion\/"},"wordCount":1203,"publisher":{"@id":"https:\/\/www.corporaciontecnologica.com\/#organization"},"image":{"@id":"https:\/\/www.corporaciontecnologica.com\/programa-innterconecta-cdti-para-financiar-tu-proyecto-de-id-en-cooperacion\/#primaryimage"},"thumbnailUrl":"https:\/\/www.corporaciontecnologica.com\/wp-content\/uploads\/2025\/04\/Diseno-sin-titulo.png","articleSection":["CTA Proyectos","Estrategia de I+D+i","Financiaci\u00f3n"],"inLanguage":"en-US"},{"@type":"WebPage","@id":"https:\/\/www.corporaciontecnologica.com\/programa-innterconecta-cdti-para-financiar-tu-proyecto-de-id-en-cooperacion\/","url":"https:\/\/www.corporaciontecnologica.com\/programa-innterconecta-cdti-para-financiar-tu-proyecto-de-id-en-cooperacion\/","name":"\u00bfPor qu\u00e9 te interesa el programa Innterconecta STEP del CDTI para financiar tu proyecto de I+D en cooperaci\u00f3n? - Corporaci\u00f3n Tecnol\u00f3gica de Andaluc\u00eda CTA","isPartOf":{"@id":"https:\/\/www.corporaciontecnologica.com\/#website"},"primaryImageOfPage":{"@id":"https:\/\/www.corporaciontecnologica.com\/programa-innterconecta-cdti-para-financiar-tu-proyecto-de-id-en-cooperacion\/#primaryimage"},"image":{"@id":"https:\/\/www.corporaciontecnologica.com\/programa-innterconecta-cdti-para-financiar-tu-proyecto-de-id-en-cooperacion\/#primaryimage"},"thumbnailUrl":"https:\/\/www.corporaciontecnologica.com\/wp-content\/uploads\/2025\/04\/Diseno-sin-titulo.png","datePublished":"2025-04-04T06:03:24+00:00","dateModified":"2025-07-31T10:45:58+00:00","description":"Conoce aqu\u00ed las claves que ha explicado el CDTI en un taller informativo organizado por CTA sobre este interesante programa que cuenta con 90M\u20ac para subvencionar hasta el 65%-80% (seg\u00fan el tama\u00f1o de las empresas) de proyectos de I+D en cooperaci\u00f3n que avancen en tecnolog\u00edas estrat\u00e9gicas para Europa (STEP).","breadcrumb":{"@id":"https:\/\/www.corporaciontecnologica.com\/programa-innterconecta-cdti-para-financiar-tu-proyecto-de-id-en-cooperacion\/#breadcrumb"},"inLanguage":"en-US","potentialAction":[{"@type":"ReadAction","target":["https:\/\/www.corporaciontecnologica.com\/programa-innterconecta-cdti-para-financiar-tu-proyecto-de-id-en-cooperacion\/"]}]},{"@type":"ImageObject","inLanguage":"en-US","@id":"https:\/\/www.corporaciontecnologica.com\/programa-innterconecta-cdti-para-financiar-tu-proyecto-de-id-en-cooperacion\/#primaryimage","url":"https:\/\/www.corporaciontecnologica.com\/wp-content\/uploads\/2025\/04\/Diseno-sin-titulo.png","contentUrl":"https:\/\/www.corporaciontecnologica.com\/wp-content\/uploads\/2025\/04\/Diseno-sin-titulo.png","width":1920,"height":1080,"caption":"Fondo Innterconecta STEP CDTI CTA"},{"@type":"BreadcrumbList","@id":"https:\/\/www.corporaciontecnologica.com\/programa-innterconecta-cdti-para-financiar-tu-proyecto-de-id-en-cooperacion\/#breadcrumb","itemListElement":[{"@type":"ListItem","position":1,"name":"Home","item":"https:\/\/www.corporaciontecnologica.com\/"},{"@type":"ListItem","position":2,"name":"\u00bfPor qu\u00e9 te interesa el programa Innterconecta STEP del CDTI para financiar tu proyecto de I+D en cooperaci\u00f3n?"}]},{"@type":"WebSite","@id":"https:\/\/www.corporaciontecnologica.com\/#website","url":"https:\/\/www.corporaciontecnologica.com\/","name":"Corporaci\u00f3n Tecnol\u00f3gica de Andaluc\u00eda CTA","description":"","publisher":{"@id":"https:\/\/www.corporaciontecnologica.com\/#organization"},"potentialAction":[{"@type":"SearchAction","target":{"@type":"EntryPoint","urlTemplate":"https:\/\/www.corporaciontecnologica.com\/?s={search_term_string}"},"query-input":{"@type":"PropertyValueSpecification","valueRequired":true,"valueName":"search_term_string"}}],"inLanguage":"en-US"},{"@type":"Organization","@id":"https:\/\/www.corporaciontecnologica.com\/#organization","name":"Corporaci\u00f3n Tecnol\u00f3gica de Andaluc\u00eda CTA","url":"https:\/\/www.corporaciontecnologica.com\/","logo":{"@type":"ImageObject","inLanguage":"en-US","@id":"https:\/\/www.corporaciontecnologica.com\/#\/schema\/logo\/image\/","url":"https:\/\/www.corporaciontecnologica.com\/wp-content\/uploads\/2025\/01\/cropped-350x100TransparenteBlanco.png","contentUrl":"https:\/\/www.corporaciontecnologica.com\/wp-content\/uploads\/2025\/01\/cropped-350x100TransparenteBlanco.png","width":349,"height":99,"caption":"Corporaci\u00f3n Tecnol\u00f3gica de Andaluc\u00eda CTA"},"image":{"@id":"https:\/\/www.corporaciontecnologica.com\/#\/schema\/logo\/image\/"},"sameAs":["https:\/\/www.facebook.com\/CTAndalucia","https:\/\/x.com\/CTAndalucia","https:\/\/www.linkedin.com\/company\/cta-corporaci-n-tecnol-gica-de-andaluc-a-"]},{"@type":"Person","@id":"https:\/\/www.corporaciontecnologica.com\/#\/schema\/person\/e660e58749acd5c79cf9f6f23029daa8","name":"Beatriz Colado Moreno","image":{"@type":"ImageObject","inLanguage":"en-US","@id":"https:\/\/secure.gravatar.com\/avatar\/27b5fd1c5775acb45613e01e92dd4c0f36710bdfe890725b5c66a600ff75a954?s=96&d=mm&r=g","url":"https:\/\/secure.gravatar.com\/avatar\/27b5fd1c5775acb45613e01e92dd4c0f36710bdfe890725b5c66a600ff75a954?s=96&d=mm&r=g","contentUrl":"https:\/\/secure.gravatar.com\/avatar\/27b5fd1c5775acb45613e01e92dd4c0f36710bdfe890725b5c66a600ff75a954?s=96&d=mm&r=g","caption":"Beatriz Colado Moreno"},"url":"https:\/\/www.corporaciontecnologica.com\/en\/author\/beatriz\/"}]}},"_links":{"self":[{"href":"https:\/\/www.corporaciontecnologica.com\/en\/wp-json\/wp\/v2\/posts\/63142","targetHints":{"allow":["GET"]}}],"collection":[{"href":"https:\/\/www.corporaciontecnologica.com\/en\/wp-json\/wp\/v2\/posts"}],"about":[{"href":"https:\/\/www.corporaciontecnologica.com\/en\/wp-json\/wp\/v2\/types\/post"}],"author":[{"embeddable":true,"href":"https:\/\/www.corporaciontecnologica.com\/en\/wp-json\/wp\/v2\/users\/15"}],"replies":[{"embeddable":true,"href":"https:\/\/www.corporaciontecnologica.com\/en\/wp-json\/wp\/v2\/comments?post=63142"}],"version-history":[{"count":55,"href":"https:\/\/www.corporaciontecnologica.com\/en\/wp-json\/wp\/v2\/posts\/63142\/revisions"}],"predecessor-version":[{"id":63940,"href":"https:\/\/www.corporaciontecnologica.com\/en\/wp-json\/wp\/v2\/posts\/63142\/revisions\/63940"}],"wp:featuredmedia":[{"embeddable":true,"href":"https:\/\/www.corporaciontecnologica.com\/en\/wp-json\/wp\/v2\/media\/63151"}],"wp:attachment":[{"href":"https:\/\/www.corporaciontecnologica.com\/en\/wp-json\/wp\/v2\/media?parent=63142"}],"wp:term":[{"taxonomy":"category","embeddable":true,"href":"https:\/\/www.corporaciontecnologica.com\/en\/wp-json\/wp\/v2\/categories?post=63142"},{"taxonomy":"post_tag","embeddable":true,"href":"https:\/\/www.corporaciontecnologica.com\/en\/wp-json\/wp\/v2\/tags?post=63142"}],"curies":[{"name":"wp","href":"https:\/\/api.w.org\/{rel}","templated":true}]}}