{"id":67001,"date":"2025-11-05T19:22:22","date_gmt":"2025-11-05T18:22:22","guid":{"rendered":"https:\/\/www.corporaciontecnologica.com\/?p=67001"},"modified":"2025-12-12T11:25:03","modified_gmt":"2025-12-12T10:25:03","slug":"aprovecha-ayudas-gobierno-para-contratar-talento-investigar-y-transferir","status":"publish","type":"post","link":"https:\/\/www.corporaciontecnologica.com\/en\/aprovecha-ayudas-gobierno-para-contratar-talento-investigar-y-transferir\/","title":{"rendered":"Aprovecha las ayudas del Gobierno para contratar talento, investigar y transferir"},"content":{"rendered":"\n<p>Estas convocatorias, gestionadas<strong> <\/strong>por el<strong> Ministerio de Ciencia, Innovaci\u00f3n y Universidades a trav\u00e9s de la Agencia Estatal de Investigaci\u00f3n (AEI)<\/strong>, repartir\u00e1n m\u00e1s de <strong>1.220 millones de euros <\/strong>para financiar la contrataci\u00f3n de talento y proyectos de investigaci\u00f3n y transferencia de conocimiento, con un incremento de media del 40% respecto a la edici\u00f3n de 2018. <strong>\u00a1Sigue leyendo para saber m\u00e1s y pide asesoramiento a CTA!<\/strong><\/p>\n\n\n\n<figure class=\"wp-block-image size-large is-resized\"><img fetchpriority=\"high\" decoding=\"async\" width=\"1024\" height=\"1024\" src=\"https:\/\/www.corporaciontecnologica.com\/wp-content\/uploads\/2025\/11\/Infografia-AEI-1024x1024.png\" alt=\"\" class=\"wp-image-67102\" style=\"width:631px;height:auto\" srcset=\"https:\/\/www.corporaciontecnologica.com\/wp-content\/uploads\/2025\/11\/Infografia-AEI-1024x1024.png 1024w, https:\/\/www.corporaciontecnologica.com\/wp-content\/uploads\/2025\/11\/Infografia-AEI-300x300.png 300w, https:\/\/www.corporaciontecnologica.com\/wp-content\/uploads\/2025\/11\/Infografia-AEI-150x150.png 150w, https:\/\/www.corporaciontecnologica.com\/wp-content\/uploads\/2025\/11\/Infografia-AEI-768x768.png 768w, https:\/\/www.corporaciontecnologica.com\/wp-content\/uploads\/2025\/11\/Infografia-AEI.png 1080w\" sizes=\"(max-width: 1024px) 100vw, 1024px\" \/><\/figure>\n\n\n\n<p>El Consejo de Ministros ha aprobado este martes, a propuesta de la ministra de Ciencia, Innovaci\u00f3n y Universidades,&nbsp;<strong>Diana Morant<\/strong>, un paquete de seis convocatorias del Ministerio de Ciencia, Innovaci\u00f3n y Universidades dotado con un presupuesto de 1.220,4 millones de euros.<\/p>\n\n\n\n<h5 class=\"wp-block-heading\" id=\"h-a-que-esta-destinado-cada-programa\">\u00bfA qu\u00e9 est\u00e1 destinado cada programa?<\/h5>\n\n\n\n<ul class=\"wp-block-list\">\n<li>La <strong>convocatoria de ayudas\u00a0Torres Quevedo<\/strong> financia la contrataci\u00f3n durante tres a\u00f1os de investigadores ya doctores en empresas, centros tecnol\u00f3gicos, centros de apoyo a la innovaci\u00f3n tecnol\u00f3gica, asociaciones empresariales y parques cient\u00edficos y tecnol\u00f3gicos. El presupuesto alcanza los 20,1 millones de euros, un 34% m\u00e1s que en 2018. Este a\u00f1o se ha aumentado un 2% el salario m\u00ednimo respecto a la convocatoria de 2024.<\/li>\n\n\n\n<li>La <strong>convocatoria del Programa de Doctorados Industriales<\/strong> financia la realizaci\u00f3n de tesis doctorales en empresas por parte de j\u00f3venes investigadores con el t\u00edtulo de m\u00e1ster. Financiada con 8 millones de euros, duplica la dotaci\u00f3n de 2018. Este a\u00f1o aumenta la retribuci\u00f3n m\u00ednima, igual\u00e1ndose a la de ayudas predoctorales asociadas a proyectos.<\/li>\n\n\n\n<li><strong>La convocatoria de ayudas Juan de la Cierva<\/strong> apoya la contrataci\u00f3n durante dos a\u00f1os de doctores j\u00f3venes para iniciar su consolidaci\u00f3n como cient\u00edficos, la mayor\u00eda de las veces en forma de estancias en otros centros diferentes a donde se formaron. Este a\u00f1o cuenta con un presupuesto de 60 millones de euros (21,7 millones m\u00e1s que en 2024) y un 86,4% m\u00e1s que en 2018. Con ello, se financiar\u00e1n 500 contratos. Esta convocatoria aumenta de dos a tres a\u00f1os la duraci\u00f3n de los contratos, atendiendo as\u00ed a las demandas de la comunidad cient\u00edfica.<\/li>\n\n\n\n<li>El Gobierno tambi\u00e9n ha aprobado&nbsp;dotar con 132,3 millones de euros a <strong>la Convocatoria de ayudas Ram\u00f3n y Cajal<\/strong>, los contratos posdoctorales m\u00e1s prestigiosos de Espa\u00f1a, que cuentan, adem\u00e1s, con un compromiso de estabilizaci\u00f3n. Con estas ayudas, se financia la contrataci\u00f3n durante 5 a\u00f1os de investigadores doctores con trayectorias prometedoras para que consoliden su l\u00ednea de investigaci\u00f3n. Esta convocatoria est\u00e1 dotada con 1,3 millones de euros m\u00e1s que en 2024, y un 114,4% m\u00e1s que en 2018.&nbsp;<\/li>\n\n\n\n<li><strong>La convocatoria de Proyectos de Colaboraci\u00f3n P\u00fablico-Privada <\/strong>est\u00e1 destinada a financiar la relaci\u00f3n entre los centros de investigaci\u00f3n -ya sean organismos p\u00fablicos de investigaci\u00f3n o universidades- con empresas innovadoras. La ministra ha explicado que estas ayudas potencian, \u201cpor ejemplo, que un hospital colabore con una startup para detectar arritmias mediante un reloj inteligente. O que una pyme desarrolle bater\u00edas m\u00e1s duraderas junto a un centro tecnol\u00f3gico. Es la ciencia que llega a nuestra vida cotidiana con mayor impacto\u201d. El presupuesto de esta convocatoria alcanza los 300 millones de euros. Este a\u00f1o, se ha simplificado la elaboraci\u00f3n del presupuesto a presentar por las entidades.<\/li>\n\n\n\n<li><strong>La convocatoria de Proyectos de Generaci\u00f3n de Conocimiento<\/strong> es la principal financiaci\u00f3n de la comunidad investigadora del sector p\u00fablico, dotada con 700 millones de euros, que llega a alrededor de 3.000 grupos de investigaci\u00f3n. Este programa financia cada a\u00f1o proyectos de investigaci\u00f3n b\u00e1sica y aplicada en todas las \u00e1reas de conocimiento, de 3 o 4 a\u00f1os de duraci\u00f3n. Esta convocatoria cuenta con 25 millones m\u00e1s que en la anterior y un 41,4% m\u00e1s que en 2018.<\/li>\n<\/ul>\n\n\n\n<h5 class=\"wp-block-heading\" id=\"h-caso-de-exito-de-torres-quevedo-con-apoyo-de-cta\">Caso de \u00e9xito de Torres Quevedo con apoyo de CTA<\/h5>\n\n\n\n<p>La&nbsp;<strong><em>startup<\/em>&nbsp;malague\u00f1a<\/strong>&nbsp;de inteligencia conversacional&nbsp;<a href=\"https:\/\/www.predictiva.io\/es\/\" target=\"_blank\" rel=\"noreferrer noopener\">Predictiva<\/a>&nbsp;consigui\u00f3,&nbsp;gracias al asesoramiento de CTA,&nbsp;<a href=\"https:\/\/www.corporaciontecnologica.com\/casos-de-exito\/predictiva-consigue-una-ayuda-torres-quevedo-de-mas-de-116-000e-gracias-al-asesoramiento-de-cta\/\">una&nbsp;ayuda&nbsp;<strong>Torres Quevedo<\/strong>&nbsp;superior a&nbsp;<strong>116.000\u20ac<\/strong>&nbsp;del Ministerio de Ciencia e Innovaci\u00f3n&nbsp;y Universidades&nbsp;para la contrataci\u00f3n&nbsp;durante 3 a\u00f1os&nbsp;de una&nbsp;<strong>doctora<\/strong>&nbsp;vinculada&nbsp;a&nbsp;la&nbsp;realizaci\u00f3n de&nbsp;un&nbsp;proyecto&nbsp;de I+D+i. <\/a><\/p>\n\n\n\n<p>Gracias a esta acci\u00f3n, la compa\u00f1\u00eda incorpor\u00f3&nbsp;<strong>talento y&nbsp;excelencia cient\u00edfico-t\u00e9cnica<\/strong>&nbsp;en su&nbsp;equipo&nbsp;y&nbsp;acometi\u00f3 una&nbsp;nueva l\u00ednea de investigaci\u00f3n&nbsp;para la compa\u00f1\u00eda,&nbsp;lo que redundar\u00e1 en una mejora de su&nbsp;<strong>competitividad<\/strong>.&nbsp;<\/p>\n\n\n\n<p>\u201c<strong>CTA nos ha ayudado a alinear<\/strong> nuestro proyecto con el programa de financiaci\u00f3n que necesit\u00e1bamos y dotar de valor a\u00f1adido a la propuesta\u201d, se\u00f1al\u00f3 el CEO de Predictiva, <strong><a href=\"https:\/\/www.linkedin.com\/in\/encisopablo\/\">Pablo Enciso,<\/a><\/strong> quien a\u00f1adi\u00f3 que valora \u201cla <strong>disponibilidad, eficacia y acompa\u00f1amiento personalizado <\/strong>del servicio ofrecido por CTA, as\u00ed como la versatilidad para asesorarnos en todas las \u00e1reas relacionadas con la I+D+i\u201d.<\/p>\n\n\n\n<p><strong>\u00a1Cont\u00e1ctanos en negocio@corporaciontecnologica.com!&nbsp;&nbsp;<\/strong><\/p>\n\n\n\n<p><\/p>\n","protected":false},"excerpt":{"rendered":"<p>Torres Quevedo, Doctorados industriales, Juan de la Cierva, Ram\u00f3n y Cajal, Colaboraci\u00f3n p\u00fablico-privada y Generaci\u00f3n de conocimiento. Atenci\u00f3n a la inminente apertura de las convocatorias de la Agencia Estatal de Innovaci\u00f3n (AEI), con m\u00e1s de 1.220 millones de euros para financiar la contrataci\u00f3n de talento y proyectos de investigaci\u00f3n y transferencia de conocimiento. <\/p>\n","protected":false},"author":15,"featured_media":67004,"comment_status":"closed","ping_status":"closed","sticky":false,"template":"","format":"standard","meta":{"footnotes":""},"categories":[230,224,324],"tags":[],"class_list":["post-67001","post","type-post","status-publish","format-standard","has-post-thumbnail","hentry","category-destacado-actualidad","category-estrategia-de-i-d-i","category-financiacion"],"yoast_head":"<!-- This site is optimized with the Yoast SEO Premium plugin v27.4 (Yoast SEO v27.4) - https:\/\/yoast.com\/product\/yoast-seo-premium-wordpress\/ -->\n<title>Aprovecha las ayudas del Gobierno para contratar talento, investigar y transferir - Corporaci\u00f3n Tecnol\u00f3gica de Andaluc\u00eda CTA<\/title>\n<meta name=\"description\" content=\"Torres Quevedo, Doctorados industriales, Juan de la Cierva, Ram\u00f3n y Cajal, Colaboraci\u00f3n p\u00fablico-privada y Generaci\u00f3n de conocimiento. Atenci\u00f3n a la inminente apertura de las convocatorias de la Agencia Estatal de Innovaci\u00f3n (AEI), con m\u00e1s de 1.220 millones de euros para financiar la contrataci\u00f3n de talento y proyectos de investigaci\u00f3n y transferencia de conocimiento.\" \/>\n<meta name=\"robots\" content=\"index, follow, max-snippet:-1, max-image-preview:large, max-video-preview:-1\" \/>\n<link rel=\"canonical\" href=\"https:\/\/www.corporaciontecnologica.com\/aprovecha-ayudas-gobierno-para-contratar-talento-investigar-y-transferir\/\" \/>\n<meta property=\"og:locale\" content=\"en_US\" \/>\n<meta property=\"og:type\" content=\"article\" \/>\n<meta property=\"og:title\" content=\"Aprovecha las ayudas del Gobierno para contratar talento, investigar y transferir\" \/>\n<meta property=\"og:description\" content=\"Torres Quevedo, Doctorados industriales, Juan de la Cierva, Ram\u00f3n y Cajal, Colaboraci\u00f3n p\u00fablico-privada y Generaci\u00f3n de conocimiento. Atenci\u00f3n a la inminente apertura de las convocatorias de la Agencia Estatal de Innovaci\u00f3n (AEI), con m\u00e1s de 1.220 millones de euros para financiar la contrataci\u00f3n de talento y proyectos de investigaci\u00f3n y transferencia de conocimiento.\" \/>\n<meta property=\"og:url\" content=\"https:\/\/www.corporaciontecnologica.com\/aprovecha-ayudas-gobierno-para-contratar-talento-investigar-y-transferir\/\" \/>\n<meta property=\"og:site_name\" content=\"Corporaci\u00f3n Tecnol\u00f3gica de Andaluc\u00eda CTA\" \/>\n<meta property=\"article:publisher\" content=\"https:\/\/www.facebook.com\/CTAndalucia\" \/>\n<meta property=\"article:published_time\" content=\"2025-11-05T18:22:22+00:00\" \/>\n<meta property=\"article:modified_time\" content=\"2025-12-12T10:25:03+00:00\" \/>\n<meta property=\"og:image\" content=\"https:\/\/www.corporaciontecnologica.com\/wp-content\/uploads\/2025\/11\/Imagen-Torres-Quevedo.jpg\" \/>\n\t<meta property=\"og:image:width\" content=\"1920\" \/>\n\t<meta property=\"og:image:height\" content=\"1080\" \/>\n\t<meta property=\"og:image:type\" content=\"image\/jpeg\" \/>\n<meta name=\"author\" content=\"Beatriz Colado Moreno\" \/>\n<meta name=\"twitter:card\" content=\"summary_large_image\" \/>\n<meta name=\"twitter:creator\" content=\"@CTAndalucia\" \/>\n<meta name=\"twitter:site\" content=\"@CTAndalucia\" \/>\n<meta name=\"twitter:label1\" content=\"Written by\" \/>\n\t<meta name=\"twitter:data1\" content=\"Beatriz Colado Moreno\" \/>\n\t<meta name=\"twitter:label2\" content=\"Est. reading time\" \/>\n\t<meta name=\"twitter:data2\" content=\"4 minutes\" \/>\n<script type=\"application\/ld+json\" class=\"yoast-schema-graph\">{\"@context\":\"https:\\\/\\\/schema.org\",\"@graph\":[{\"@type\":\"Article\",\"@id\":\"https:\\\/\\\/www.corporaciontecnologica.com\\\/aprovecha-ayudas-gobierno-para-contratar-talento-investigar-y-transferir\\\/#article\",\"isPartOf\":{\"@id\":\"https:\\\/\\\/www.corporaciontecnologica.com\\\/aprovecha-ayudas-gobierno-para-contratar-talento-investigar-y-transferir\\\/\"},\"author\":{\"name\":\"Beatriz Colado Moreno\",\"@id\":\"https:\\\/\\\/www.corporaciontecnologica.com\\\/#\\\/schema\\\/person\\\/e660e58749acd5c79cf9f6f23029daa8\"},\"headline\":\"Aprovecha las ayudas del Gobierno para contratar talento, investigar y transferir\",\"datePublished\":\"2025-11-05T18:22:22+00:00\",\"dateModified\":\"2025-12-12T10:25:03+00:00\",\"mainEntityOfPage\":{\"@id\":\"https:\\\/\\\/www.corporaciontecnologica.com\\\/aprovecha-ayudas-gobierno-para-contratar-talento-investigar-y-transferir\\\/\"},\"wordCount\":845,\"publisher\":{\"@id\":\"https:\\\/\\\/www.corporaciontecnologica.com\\\/#organization\"},\"image\":{\"@id\":\"https:\\\/\\\/www.corporaciontecnologica.com\\\/aprovecha-ayudas-gobierno-para-contratar-talento-investigar-y-transferir\\\/#primaryimage\"},\"thumbnailUrl\":\"https:\\\/\\\/www.corporaciontecnologica.com\\\/wp-content\\\/uploads\\\/2025\\\/11\\\/Imagen-Torres-Quevedo.jpg\",\"articleSection\":[\"Destacado Actualidad\",\"Estrategia de I+D+i\",\"Financiaci\u00f3n\"],\"inLanguage\":\"en-US\"},{\"@type\":\"WebPage\",\"@id\":\"https:\\\/\\\/www.corporaciontecnologica.com\\\/aprovecha-ayudas-gobierno-para-contratar-talento-investigar-y-transferir\\\/\",\"url\":\"https:\\\/\\\/www.corporaciontecnologica.com\\\/aprovecha-ayudas-gobierno-para-contratar-talento-investigar-y-transferir\\\/\",\"name\":\"Aprovecha las ayudas del Gobierno para contratar talento, investigar y transferir - Corporaci\u00f3n Tecnol\u00f3gica de Andaluc\u00eda CTA\",\"isPartOf\":{\"@id\":\"https:\\\/\\\/www.corporaciontecnologica.com\\\/#website\"},\"primaryImageOfPage\":{\"@id\":\"https:\\\/\\\/www.corporaciontecnologica.com\\\/aprovecha-ayudas-gobierno-para-contratar-talento-investigar-y-transferir\\\/#primaryimage\"},\"image\":{\"@id\":\"https:\\\/\\\/www.corporaciontecnologica.com\\\/aprovecha-ayudas-gobierno-para-contratar-talento-investigar-y-transferir\\\/#primaryimage\"},\"thumbnailUrl\":\"https:\\\/\\\/www.corporaciontecnologica.com\\\/wp-content\\\/uploads\\\/2025\\\/11\\\/Imagen-Torres-Quevedo.jpg\",\"datePublished\":\"2025-11-05T18:22:22+00:00\",\"dateModified\":\"2025-12-12T10:25:03+00:00\",\"description\":\"Torres Quevedo, Doctorados industriales, Juan de la Cierva, Ram\u00f3n y Cajal, Colaboraci\u00f3n p\u00fablico-privada y Generaci\u00f3n de conocimiento. Atenci\u00f3n a la inminente apertura de las convocatorias de la Agencia Estatal de Innovaci\u00f3n (AEI), con m\u00e1s de 1.220 millones de euros para financiar la contrataci\u00f3n de talento y proyectos de investigaci\u00f3n y transferencia de conocimiento.\",\"breadcrumb\":{\"@id\":\"https:\\\/\\\/www.corporaciontecnologica.com\\\/aprovecha-ayudas-gobierno-para-contratar-talento-investigar-y-transferir\\\/#breadcrumb\"},\"inLanguage\":\"en-US\",\"potentialAction\":[{\"@type\":\"ReadAction\",\"target\":[\"https:\\\/\\\/www.corporaciontecnologica.com\\\/aprovecha-ayudas-gobierno-para-contratar-talento-investigar-y-transferir\\\/\"]}]},{\"@type\":\"ImageObject\",\"inLanguage\":\"en-US\",\"@id\":\"https:\\\/\\\/www.corporaciontecnologica.com\\\/aprovecha-ayudas-gobierno-para-contratar-talento-investigar-y-transferir\\\/#primaryimage\",\"url\":\"https:\\\/\\\/www.corporaciontecnologica.com\\\/wp-content\\\/uploads\\\/2025\\\/11\\\/Imagen-Torres-Quevedo.jpg\",\"contentUrl\":\"https:\\\/\\\/www.corporaciontecnologica.com\\\/wp-content\\\/uploads\\\/2025\\\/11\\\/Imagen-Torres-Quevedo.jpg\",\"width\":1920,\"height\":1080,\"caption\":\"Programas Torres Quevedo 2025 y otros\"},{\"@type\":\"BreadcrumbList\",\"@id\":\"https:\\\/\\\/www.corporaciontecnologica.com\\\/aprovecha-ayudas-gobierno-para-contratar-talento-investigar-y-transferir\\\/#breadcrumb\",\"itemListElement\":[{\"@type\":\"ListItem\",\"position\":1,\"name\":\"Home\",\"item\":\"https:\\\/\\\/www.corporaciontecnologica.com\\\/\"},{\"@type\":\"ListItem\",\"position\":2,\"name\":\"Aprovecha las ayudas del Gobierno para contratar talento, investigar y transferir\"}]},{\"@type\":\"WebSite\",\"@id\":\"https:\\\/\\\/www.corporaciontecnologica.com\\\/#website\",\"url\":\"https:\\\/\\\/www.corporaciontecnologica.com\\\/\",\"name\":\"Corporaci\u00f3n Tecnol\u00f3gica de Andaluc\u00eda CTA\",\"description\":\"\",\"publisher\":{\"@id\":\"https:\\\/\\\/www.corporaciontecnologica.com\\\/#organization\"},\"potentialAction\":[{\"@type\":\"SearchAction\",\"target\":{\"@type\":\"EntryPoint\",\"urlTemplate\":\"https:\\\/\\\/www.corporaciontecnologica.com\\\/?s={search_term_string}\"},\"query-input\":{\"@type\":\"PropertyValueSpecification\",\"valueRequired\":true,\"valueName\":\"search_term_string\"}}],\"inLanguage\":\"en-US\"},{\"@type\":\"Organization\",\"@id\":\"https:\\\/\\\/www.corporaciontecnologica.com\\\/#organization\",\"name\":\"Corporaci\u00f3n Tecnol\u00f3gica de Andaluc\u00eda CTA\",\"url\":\"https:\\\/\\\/www.corporaciontecnologica.com\\\/\",\"logo\":{\"@type\":\"ImageObject\",\"inLanguage\":\"en-US\",\"@id\":\"https:\\\/\\\/www.corporaciontecnologica.com\\\/#\\\/schema\\\/logo\\\/image\\\/\",\"url\":\"https:\\\/\\\/www.corporaciontecnologica.com\\\/wp-content\\\/uploads\\\/2025\\\/01\\\/cropped-350x100TransparenteBlanco.png\",\"contentUrl\":\"https:\\\/\\\/www.corporaciontecnologica.com\\\/wp-content\\\/uploads\\\/2025\\\/01\\\/cropped-350x100TransparenteBlanco.png\",\"width\":349,\"height\":99,\"caption\":\"Corporaci\u00f3n Tecnol\u00f3gica de Andaluc\u00eda CTA\"},\"image\":{\"@id\":\"https:\\\/\\\/www.corporaciontecnologica.com\\\/#\\\/schema\\\/logo\\\/image\\\/\"},\"sameAs\":[\"https:\\\/\\\/www.facebook.com\\\/CTAndalucia\",\"https:\\\/\\\/x.com\\\/CTAndalucia\",\"https:\\\/\\\/www.linkedin.com\\\/company\\\/cta-corporaci-n-tecnol-gica-de-andaluc-a-\"]},{\"@type\":\"Person\",\"@id\":\"https:\\\/\\\/www.corporaciontecnologica.com\\\/#\\\/schema\\\/person\\\/e660e58749acd5c79cf9f6f23029daa8\",\"name\":\"Beatriz Colado Moreno\",\"image\":{\"@type\":\"ImageObject\",\"inLanguage\":\"en-US\",\"@id\":\"https:\\\/\\\/secure.gravatar.com\\\/avatar\\\/27b5fd1c5775acb45613e01e92dd4c0f36710bdfe890725b5c66a600ff75a954?s=96&d=mm&r=g\",\"url\":\"https:\\\/\\\/secure.gravatar.com\\\/avatar\\\/27b5fd1c5775acb45613e01e92dd4c0f36710bdfe890725b5c66a600ff75a954?s=96&d=mm&r=g\",\"contentUrl\":\"https:\\\/\\\/secure.gravatar.com\\\/avatar\\\/27b5fd1c5775acb45613e01e92dd4c0f36710bdfe890725b5c66a600ff75a954?s=96&d=mm&r=g\",\"caption\":\"Beatriz Colado Moreno\"},\"url\":\"https:\\\/\\\/www.corporaciontecnologica.com\\\/en\\\/author\\\/beatriz\\\/\"}]}<\/script>\n<!-- \/ Yoast SEO Premium plugin. -->","yoast_head_json":{"title":"Aprovecha las ayudas del Gobierno para contratar talento, investigar y transferir - Corporaci\u00f3n Tecnol\u00f3gica de Andaluc\u00eda CTA","description":"Torres Quevedo, Doctorados industriales, Juan de la Cierva, Ram\u00f3n y Cajal, Colaboraci\u00f3n p\u00fablico-privada y Generaci\u00f3n de conocimiento. Atenci\u00f3n a la inminente apertura de las convocatorias de la Agencia Estatal de Innovaci\u00f3n (AEI), con m\u00e1s de 1.220 millones de euros para financiar la contrataci\u00f3n de talento y proyectos de investigaci\u00f3n y transferencia de conocimiento.","robots":{"index":"index","follow":"follow","max-snippet":"max-snippet:-1","max-image-preview":"max-image-preview:large","max-video-preview":"max-video-preview:-1"},"canonical":"https:\/\/www.corporaciontecnologica.com\/aprovecha-ayudas-gobierno-para-contratar-talento-investigar-y-transferir\/","og_locale":"en_US","og_type":"article","og_title":"Aprovecha las ayudas del Gobierno para contratar talento, investigar y transferir","og_description":"Torres Quevedo, Doctorados industriales, Juan de la Cierva, Ram\u00f3n y Cajal, Colaboraci\u00f3n p\u00fablico-privada y Generaci\u00f3n de conocimiento. Atenci\u00f3n a la inminente apertura de las convocatorias de la Agencia Estatal de Innovaci\u00f3n (AEI), con m\u00e1s de 1.220 millones de euros para financiar la contrataci\u00f3n de talento y proyectos de investigaci\u00f3n y transferencia de conocimiento.","og_url":"https:\/\/www.corporaciontecnologica.com\/aprovecha-ayudas-gobierno-para-contratar-talento-investigar-y-transferir\/","og_site_name":"Corporaci\u00f3n Tecnol\u00f3gica de Andaluc\u00eda CTA","article_publisher":"https:\/\/www.facebook.com\/CTAndalucia","article_published_time":"2025-11-05T18:22:22+00:00","article_modified_time":"2025-12-12T10:25:03+00:00","og_image":[{"width":1920,"height":1080,"url":"https:\/\/www.corporaciontecnologica.com\/wp-content\/uploads\/2025\/11\/Imagen-Torres-Quevedo.jpg","type":"image\/jpeg"}],"author":"Beatriz Colado Moreno","twitter_card":"summary_large_image","twitter_creator":"@CTAndalucia","twitter_site":"@CTAndalucia","twitter_misc":{"Written by":"Beatriz Colado Moreno","Est. reading time":"4 minutes"},"schema":{"@context":"https:\/\/schema.org","@graph":[{"@type":"Article","@id":"https:\/\/www.corporaciontecnologica.com\/aprovecha-ayudas-gobierno-para-contratar-talento-investigar-y-transferir\/#article","isPartOf":{"@id":"https:\/\/www.corporaciontecnologica.com\/aprovecha-ayudas-gobierno-para-contratar-talento-investigar-y-transferir\/"},"author":{"name":"Beatriz Colado Moreno","@id":"https:\/\/www.corporaciontecnologica.com\/#\/schema\/person\/e660e58749acd5c79cf9f6f23029daa8"},"headline":"Aprovecha las ayudas del Gobierno para contratar talento, investigar y transferir","datePublished":"2025-11-05T18:22:22+00:00","dateModified":"2025-12-12T10:25:03+00:00","mainEntityOfPage":{"@id":"https:\/\/www.corporaciontecnologica.com\/aprovecha-ayudas-gobierno-para-contratar-talento-investigar-y-transferir\/"},"wordCount":845,"publisher":{"@id":"https:\/\/www.corporaciontecnologica.com\/#organization"},"image":{"@id":"https:\/\/www.corporaciontecnologica.com\/aprovecha-ayudas-gobierno-para-contratar-talento-investigar-y-transferir\/#primaryimage"},"thumbnailUrl":"https:\/\/www.corporaciontecnologica.com\/wp-content\/uploads\/2025\/11\/Imagen-Torres-Quevedo.jpg","articleSection":["Destacado Actualidad","Estrategia de I+D+i","Financiaci\u00f3n"],"inLanguage":"en-US"},{"@type":"WebPage","@id":"https:\/\/www.corporaciontecnologica.com\/aprovecha-ayudas-gobierno-para-contratar-talento-investigar-y-transferir\/","url":"https:\/\/www.corporaciontecnologica.com\/aprovecha-ayudas-gobierno-para-contratar-talento-investigar-y-transferir\/","name":"Aprovecha las ayudas del Gobierno para contratar talento, investigar y transferir - Corporaci\u00f3n Tecnol\u00f3gica de Andaluc\u00eda CTA","isPartOf":{"@id":"https:\/\/www.corporaciontecnologica.com\/#website"},"primaryImageOfPage":{"@id":"https:\/\/www.corporaciontecnologica.com\/aprovecha-ayudas-gobierno-para-contratar-talento-investigar-y-transferir\/#primaryimage"},"image":{"@id":"https:\/\/www.corporaciontecnologica.com\/aprovecha-ayudas-gobierno-para-contratar-talento-investigar-y-transferir\/#primaryimage"},"thumbnailUrl":"https:\/\/www.corporaciontecnologica.com\/wp-content\/uploads\/2025\/11\/Imagen-Torres-Quevedo.jpg","datePublished":"2025-11-05T18:22:22+00:00","dateModified":"2025-12-12T10:25:03+00:00","description":"Torres Quevedo, Doctorados industriales, Juan de la Cierva, Ram\u00f3n y Cajal, Colaboraci\u00f3n p\u00fablico-privada y Generaci\u00f3n de conocimiento. Atenci\u00f3n a la inminente apertura de las convocatorias de la Agencia Estatal de Innovaci\u00f3n (AEI), con m\u00e1s de 1.220 millones de euros para financiar la contrataci\u00f3n de talento y proyectos de investigaci\u00f3n y transferencia de conocimiento.","breadcrumb":{"@id":"https:\/\/www.corporaciontecnologica.com\/aprovecha-ayudas-gobierno-para-contratar-talento-investigar-y-transferir\/#breadcrumb"},"inLanguage":"en-US","potentialAction":[{"@type":"ReadAction","target":["https:\/\/www.corporaciontecnologica.com\/aprovecha-ayudas-gobierno-para-contratar-talento-investigar-y-transferir\/"]}]},{"@type":"ImageObject","inLanguage":"en-US","@id":"https:\/\/www.corporaciontecnologica.com\/aprovecha-ayudas-gobierno-para-contratar-talento-investigar-y-transferir\/#primaryimage","url":"https:\/\/www.corporaciontecnologica.com\/wp-content\/uploads\/2025\/11\/Imagen-Torres-Quevedo.jpg","contentUrl":"https:\/\/www.corporaciontecnologica.com\/wp-content\/uploads\/2025\/11\/Imagen-Torres-Quevedo.jpg","width":1920,"height":1080,"caption":"Programas Torres Quevedo 2025 y otros"},{"@type":"BreadcrumbList","@id":"https:\/\/www.corporaciontecnologica.com\/aprovecha-ayudas-gobierno-para-contratar-talento-investigar-y-transferir\/#breadcrumb","itemListElement":[{"@type":"ListItem","position":1,"name":"Home","item":"https:\/\/www.corporaciontecnologica.com\/"},{"@type":"ListItem","position":2,"name":"Aprovecha las ayudas del Gobierno para contratar talento, investigar y transferir"}]},{"@type":"WebSite","@id":"https:\/\/www.corporaciontecnologica.com\/#website","url":"https:\/\/www.corporaciontecnologica.com\/","name":"Corporaci\u00f3n Tecnol\u00f3gica de Andaluc\u00eda CTA","description":"","publisher":{"@id":"https:\/\/www.corporaciontecnologica.com\/#organization"},"potentialAction":[{"@type":"SearchAction","target":{"@type":"EntryPoint","urlTemplate":"https:\/\/www.corporaciontecnologica.com\/?s={search_term_string}"},"query-input":{"@type":"PropertyValueSpecification","valueRequired":true,"valueName":"search_term_string"}}],"inLanguage":"en-US"},{"@type":"Organization","@id":"https:\/\/www.corporaciontecnologica.com\/#organization","name":"Corporaci\u00f3n Tecnol\u00f3gica de Andaluc\u00eda CTA","url":"https:\/\/www.corporaciontecnologica.com\/","logo":{"@type":"ImageObject","inLanguage":"en-US","@id":"https:\/\/www.corporaciontecnologica.com\/#\/schema\/logo\/image\/","url":"https:\/\/www.corporaciontecnologica.com\/wp-content\/uploads\/2025\/01\/cropped-350x100TransparenteBlanco.png","contentUrl":"https:\/\/www.corporaciontecnologica.com\/wp-content\/uploads\/2025\/01\/cropped-350x100TransparenteBlanco.png","width":349,"height":99,"caption":"Corporaci\u00f3n Tecnol\u00f3gica de Andaluc\u00eda CTA"},"image":{"@id":"https:\/\/www.corporaciontecnologica.com\/#\/schema\/logo\/image\/"},"sameAs":["https:\/\/www.facebook.com\/CTAndalucia","https:\/\/x.com\/CTAndalucia","https:\/\/www.linkedin.com\/company\/cta-corporaci-n-tecnol-gica-de-andaluc-a-"]},{"@type":"Person","@id":"https:\/\/www.corporaciontecnologica.com\/#\/schema\/person\/e660e58749acd5c79cf9f6f23029daa8","name":"Beatriz Colado Moreno","image":{"@type":"ImageObject","inLanguage":"en-US","@id":"https:\/\/secure.gravatar.com\/avatar\/27b5fd1c5775acb45613e01e92dd4c0f36710bdfe890725b5c66a600ff75a954?s=96&d=mm&r=g","url":"https:\/\/secure.gravatar.com\/avatar\/27b5fd1c5775acb45613e01e92dd4c0f36710bdfe890725b5c66a600ff75a954?s=96&d=mm&r=g","contentUrl":"https:\/\/secure.gravatar.com\/avatar\/27b5fd1c5775acb45613e01e92dd4c0f36710bdfe890725b5c66a600ff75a954?s=96&d=mm&r=g","caption":"Beatriz Colado Moreno"},"url":"https:\/\/www.corporaciontecnologica.com\/en\/author\/beatriz\/"}]}},"_links":{"self":[{"href":"https:\/\/www.corporaciontecnologica.com\/en\/wp-json\/wp\/v2\/posts\/67001","targetHints":{"allow":["GET"]}}],"collection":[{"href":"https:\/\/www.corporaciontecnologica.com\/en\/wp-json\/wp\/v2\/posts"}],"about":[{"href":"https:\/\/www.corporaciontecnologica.com\/en\/wp-json\/wp\/v2\/types\/post"}],"author":[{"embeddable":true,"href":"https:\/\/www.corporaciontecnologica.com\/en\/wp-json\/wp\/v2\/users\/15"}],"replies":[{"embeddable":true,"href":"https:\/\/www.corporaciontecnologica.com\/en\/wp-json\/wp\/v2\/comments?post=67001"}],"version-history":[{"count":28,"href":"https:\/\/www.corporaciontecnologica.com\/en\/wp-json\/wp\/v2\/posts\/67001\/revisions"}],"predecessor-version":[{"id":67656,"href":"https:\/\/www.corporaciontecnologica.com\/en\/wp-json\/wp\/v2\/posts\/67001\/revisions\/67656"}],"wp:featuredmedia":[{"embeddable":true,"href":"https:\/\/www.corporaciontecnologica.com\/en\/wp-json\/wp\/v2\/media\/67004"}],"wp:attachment":[{"href":"https:\/\/www.corporaciontecnologica.com\/en\/wp-json\/wp\/v2\/media?parent=67001"}],"wp:term":[{"taxonomy":"category","embeddable":true,"href":"https:\/\/www.corporaciontecnologica.com\/en\/wp-json\/wp\/v2\/categories?post=67001"},{"taxonomy":"post_tag","embeddable":true,"href":"https:\/\/www.corporaciontecnologica.com\/en\/wp-json\/wp\/v2\/tags?post=67001"}],"curies":[{"name":"wp","href":"https:\/\/api.w.org\/{rel}","templated":true}]}}